{"id":36761,"date":"2022-06-20T19:02:04","date_gmt":"2022-06-20T17:02:04","guid":{"rendered":"https:\/\/fuerstenwalde-moebliert.de\/umeblowane-mieszkanie-w-fuerstenwalde-good-year-z-balkonem-i-pelnym-wyposazeniem\/"},"modified":"2024-12-25T16:40:32","modified_gmt":"2024-12-25T15:40:32","slug":"umeblowane-mieszkanie-w-fuerstenwalde-good-year-z-balkonem-i-pelnym-wyposazeniem","status":"publish","type":"post","link":"https:\/\/fuerstenwalde-moebliert.de\/pl\/umeblowane-mieszkanie-w-fuerstenwalde-good-year-z-balkonem-i-pelnym-wyposazeniem\/","title":{"rendered":"Umeblowane mieszkanie w F\u00fcrstenwalde &#8222;Good Year&#8221; z balkonem i pe\u0142nym wyposa\u017ceniem"},"content":{"rendered":"<div id='full_slider_1'  class='avia-fullwidth-slider main_color avia-shadow   avia-builder-el-0  el_before_av_one_full  avia-builder-el-first   container_wrap sidebar_right'  ><div  class='avia-slideshow av-l4myt010-69187637ae48b08bf340127617fe5d24 avia-slideshow-featured_large av_slideshow_full avia-slide-slider av-slideshow-ui av-control-default av-slideshow-autoplay av-loop-endless av-loop-manual-endless av-default-height-applied   avia-slideshow-1' data-slideshow-options=\"{&quot;animation&quot;:&quot;slide&quot;,&quot;autoplay&quot;:true,&quot;loop_autoplay&quot;:&quot;endless&quot;,&quot;interval&quot;:5,&quot;loop_manual&quot;:&quot;manual-endless&quot;,&quot;autoplay_stopper&quot;:false,&quot;noNavigation&quot;:false,&quot;bg_slider&quot;:false,&quot;keep_padding&quot;:false,&quot;hoverpause&quot;:false,&quot;show_slide_delay&quot;:0}\"  itemprop=\"image\" itemscope=\"itemscope\" itemtype=\"https:\/\/schema.org\/ImageObject\" ><ul class='avia-slideshow-inner ' style='padding-bottom: 42%;'><li  class='avia-slideshow-slide av-l4myt010-69187637ae48b08bf340127617fe5d24__0  slide-1 slide-odd'><div data-rel='slideshow-1' class='avia-slide-wrap '   ><img decoding=\"async\" loading=\"lazy\" class=\"wp-image-37166 avia-img-lazy-loading-37166\"  src=\"https:\/\/fuerstenwalde-moebliert.de\/wp-content\/uploads\/2023\/01\/apt-good-year-_7R35698-HDR-1500x630.jpg\" width=\"1500\" height=\"630\" title='apt-good-year-_7R35698-HDR' alt=''  itemprop=\"thumbnailUrl\"   \/><\/div><\/li><li  class='avia-slideshow-slide av-l4myt010-69187637ae48b08bf340127617fe5d24__1  slide-2 slide-even'><div data-rel='slideshow-1' class='avia-slide-wrap '   ><img decoding=\"async\" loading=\"lazy\" class=\"wp-image-37206 avia-img-lazy-loading-37206\"  src=\"https:\/\/fuerstenwalde-moebliert.de\/wp-content\/uploads\/2023\/01\/apt-good-year-_7R35749-HDR-1500x630.jpg\" width=\"1500\" height=\"630\" title='apt-good-year-_7R35749-HDR' alt=''  itemprop=\"thumbnailUrl\"   \/><\/div><\/li><li  class='avia-slideshow-slide av-l4myt010-69187637ae48b08bf340127617fe5d24__2  slide-3 slide-odd'><div data-rel='slideshow-1' class='avia-slide-wrap '   ><img decoding=\"async\" loading=\"lazy\" class=\"wp-image-37198 avia-img-lazy-loading-37198\"  src=\"https:\/\/fuerstenwalde-moebliert.de\/wp-content\/uploads\/2023\/01\/apt-good-year-_7R35743-HDR-1500x630.jpg\" width=\"1500\" height=\"630\" title='apt-good-year-_7R35743-HDR' alt=''  itemprop=\"thumbnailUrl\"   \/><\/div><\/li><li  class='avia-slideshow-slide av-l4myt010-69187637ae48b08bf340127617fe5d24__3  slide-4 slide-even'><div data-rel='slideshow-1' class='avia-slide-wrap '   ><img decoding=\"async\" loading=\"lazy\" class=\"wp-image-37190 avia-img-lazy-loading-37190\"  src=\"https:\/\/fuerstenwalde-moebliert.de\/wp-content\/uploads\/2023\/01\/apt-good-year-_7R35737-HDR-1500x630.jpg\" width=\"1500\" height=\"630\" title='apt-good-year-_7R35737-HDR' alt='Miete auf Zeit - '  itemprop=\"thumbnailUrl\"   \/><\/div><\/li><li  class='avia-slideshow-slide av-l4myt010-69187637ae48b08bf340127617fe5d24__4  slide-5 slide-odd'><div data-rel='slideshow-1' class='avia-slide-wrap '   ><img decoding=\"async\" loading=\"lazy\" class=\"wp-image-37230 avia-img-lazy-loading-37230\"  src=\"https:\/\/fuerstenwalde-moebliert.de\/wp-content\/uploads\/2023\/01\/apt-good-year-35765_7R35765-1500x630.jpg\" width=\"1500\" height=\"630\" title='apt-good-year-35765_7R35765' alt=''  itemprop=\"thumbnailUrl\"   \/><\/div><\/li><li  class='avia-slideshow-slide av-l4myt010-69187637ae48b08bf340127617fe5d24__5  slide-6 slide-even'><div data-rel='slideshow-1' class='avia-slide-wrap '   ><img decoding=\"async\" loading=\"lazy\" class=\"wp-image-37226 avia-img-lazy-loading-37226\"  src=\"https:\/\/fuerstenwalde-moebliert.de\/wp-content\/uploads\/2023\/01\/apt-good-year-35764_7R35764-1500x630.jpg\" width=\"1500\" height=\"630\" title='apt-good-year-35764_7R35764' alt=''  itemprop=\"thumbnailUrl\"   \/><\/div><\/li><li  class='avia-slideshow-slide av-l4myt010-69187637ae48b08bf340127617fe5d24__6  slide-7 slide-odd'><div data-rel='slideshow-1' class='avia-slide-wrap '   ><img decoding=\"async\" loading=\"lazy\" class=\"wp-image-37202 avia-img-lazy-loading-37202\"  src=\"https:\/\/fuerstenwalde-moebliert.de\/wp-content\/uploads\/2023\/01\/apt-good-year-_7R35746-HDR-1500x630.jpg\" width=\"1500\" height=\"630\" title='apt-good-year-_7R35746-HDR' alt=''  itemprop=\"thumbnailUrl\"   \/><\/div><\/li><li  class='avia-slideshow-slide av-l4myt010-69187637ae48b08bf340127617fe5d24__7  slide-8 slide-even'><div data-rel='slideshow-1' class='avia-slide-wrap '   ><img decoding=\"async\" loading=\"lazy\" class=\"wp-image-37170 avia-img-lazy-loading-37170\"  src=\"https:\/\/fuerstenwalde-moebliert.de\/wp-content\/uploads\/2023\/01\/apt-good-year-_7R35701-HDR-1500x630.jpg\" width=\"1500\" height=\"630\" title='apt-good-year-_7R35701-HDR' alt=''  itemprop=\"thumbnailUrl\"   \/><\/div><\/li><li  class='avia-slideshow-slide av-l4myt010-69187637ae48b08bf340127617fe5d24__8  slide-9 slide-odd'><div data-rel='slideshow-1' class='avia-slide-wrap '   ><img decoding=\"async\" loading=\"lazy\" class=\"wp-image-37186 avia-img-lazy-loading-37186\"  src=\"https:\/\/fuerstenwalde-moebliert.de\/wp-content\/uploads\/2023\/01\/apt-good-year-_7R35713-HDR-1500x630.jpg\" width=\"1500\" height=\"630\" title='apt-good-year-_7R35713-HDR' alt=''  itemprop=\"thumbnailUrl\"   \/><\/div><\/li><li  class='avia-slideshow-slide av-l4myt010-69187637ae48b08bf340127617fe5d24__9  slide-10 slide-even'><div data-rel='slideshow-1' class='avia-slide-wrap '   ><img decoding=\"async\" loading=\"lazy\" class=\"wp-image-37194 avia-img-lazy-loading-37194\"  src=\"https:\/\/fuerstenwalde-moebliert.de\/wp-content\/uploads\/2023\/01\/apt-good-year-_7R35740-HDR-1500x630.jpg\" width=\"1500\" height=\"630\" title='apt-good-year-_7R35740-HDR' alt=''  itemprop=\"thumbnailUrl\"   \/><\/div><\/li><li  class='avia-slideshow-slide av-l4myt010-69187637ae48b08bf340127617fe5d24__10  slide-11 slide-odd'><div data-rel='slideshow-1' class='avia-slide-wrap '   ><img decoding=\"async\" loading=\"lazy\" class=\"wp-image-37182 avia-img-lazy-loading-37182\"  src=\"https:\/\/fuerstenwalde-moebliert.de\/wp-content\/uploads\/2023\/01\/apt-good-year-_7R35710-HDR-1500x630.jpg\" width=\"1500\" height=\"630\" title='apt-good-year-_7R35710-HDR' alt='m\u00f6blierte Wohnung f\u00fcr 2 Personen in F\u00fcrstenwalde nahe Tesla auf Zeit mieten'  itemprop=\"thumbnailUrl\"   \/><\/div><\/li><li  class='avia-slideshow-slide av-l4myt010-69187637ae48b08bf340127617fe5d24__11  slide-12 slide-even'><div data-rel='slideshow-1' class='avia-slide-wrap '   ><img decoding=\"async\" loading=\"lazy\" class=\"wp-image-37178 avia-img-lazy-loading-37178\"  src=\"https:\/\/fuerstenwalde-moebliert.de\/wp-content\/uploads\/2023\/01\/apt-good-year-_7R35707-HDR-1500x630.jpg\" width=\"1500\" height=\"630\" title='apt-good-year-_7R35707-HDR' alt=''  itemprop=\"thumbnailUrl\"   \/><\/div><\/li><li  class='avia-slideshow-slide av-l4myt010-69187637ae48b08bf340127617fe5d24__12  slide-13 slide-odd'><div data-rel='slideshow-1' class='avia-slide-wrap '   ><img decoding=\"async\" loading=\"lazy\" class=\"wp-image-37210 avia-img-lazy-loading-37210\"  src=\"https:\/\/fuerstenwalde-moebliert.de\/wp-content\/uploads\/2023\/01\/apt-good-year-_7R35755-HDR-1500x630.jpg\" width=\"1500\" height=\"630\" title='apt-good-year-_7R35755-HDR' alt=''  itemprop=\"thumbnailUrl\"   \/><\/div><\/li><li  class='avia-slideshow-slide av-l4myt010-69187637ae48b08bf340127617fe5d24__13  slide-14 slide-even'><div data-rel='slideshow-1' class='avia-slide-wrap '   ><img decoding=\"async\" loading=\"lazy\" class=\"wp-image-37174 avia-img-lazy-loading-37174\"  src=\"https:\/\/fuerstenwalde-moebliert.de\/wp-content\/uploads\/2023\/01\/apt-good-year-_7R35704-HDR-1500x630.jpg\" width=\"1500\" height=\"630\" title='apt-good-year-_7R35704-HDR' alt=''  itemprop=\"thumbnailUrl\"   \/><\/div><\/li><li  class='avia-slideshow-slide av-l4myt010-69187637ae48b08bf340127617fe5d24__14  slide-15 slide-odd'><div data-rel='slideshow-1' class='avia-slide-wrap '   ><img decoding=\"async\" loading=\"lazy\" class=\"wp-image-37162 avia-img-lazy-loading-37162\"  src=\"https:\/\/fuerstenwalde-moebliert.de\/wp-content\/uploads\/2023\/01\/apt-good-year-_7R35695-HDR-1500x630.jpg\" width=\"1500\" height=\"630\" title='apt-good-year-_7R35695-HDR' alt=''  itemprop=\"thumbnailUrl\"   \/><\/div><\/li><li  class='avia-slideshow-slide av-l4myt010-69187637ae48b08bf340127617fe5d24__15  slide-16 slide-even'><div data-rel='slideshow-1' class='avia-slide-wrap '   ><img decoding=\"async\" loading=\"lazy\" class=\"wp-image-37158 avia-img-lazy-loading-37158\"  src=\"https:\/\/fuerstenwalde-moebliert.de\/wp-content\/uploads\/2023\/01\/apt-good-year-_7R35692-HDR-1500x630.jpg\" width=\"1500\" height=\"630\" title='apt-good-year-_7R35692-HDR' alt=''  itemprop=\"thumbnailUrl\"   \/><\/div><\/li><li  class='avia-slideshow-slide av-l4myt010-69187637ae48b08bf340127617fe5d24__16  slide-17 slide-odd'><div data-rel='slideshow-1' class='avia-slide-wrap '   ><img decoding=\"async\" loading=\"lazy\" class=\"wp-image-37234 avia-img-lazy-loading-37234\"  src=\"https:\/\/fuerstenwalde-moebliert.de\/wp-content\/uploads\/2023\/01\/apt-good-year-35773_7R35773-1500x630.jpg\" width=\"1500\" height=\"630\" title='apt-good-year-35773_7R35773' alt=''  itemprop=\"thumbnailUrl\"   \/><\/div><\/li><li  class='avia-slideshow-slide av-l4myt010-69187637ae48b08bf340127617fe5d24__17  slide-18 slide-even'><div data-rel='slideshow-1' class='avia-slide-wrap '   ><img decoding=\"async\" loading=\"lazy\" class=\"wp-image-37154 avia-img-lazy-loading-37154\"  src=\"https:\/\/fuerstenwalde-moebliert.de\/wp-content\/uploads\/2023\/01\/apt-good-year-_7R35689-HDR-1500x630.jpg\" width=\"1500\" height=\"630\" title='apt-good-year-_7R35689-HDR' alt=''  itemprop=\"thumbnailUrl\"   \/><\/div><\/li><li  class='avia-slideshow-slide av-l4myt010-69187637ae48b08bf340127617fe5d24__18  slide-19 slide-odd'><div data-rel='slideshow-1' class='avia-slide-wrap '   ><img decoding=\"async\" loading=\"lazy\" class=\"wp-image-37272 avia-img-lazy-loading-37272\"  src=\"https:\/\/fuerstenwalde-moebliert.de\/wp-content\/uploads\/2023\/01\/apt-good-year-_7R35731-HDR-1500x630.jpg\" width=\"1500\" height=\"630\" title='apt-good-year-_7R35731-HDR' alt=''  itemprop=\"thumbnailUrl\"   \/><\/div><\/li><\/ul><div class='avia-slideshow-arrows avia-slideshow-controls' ><a href='#prev' class='prev-slide ' aria-hidden='true' data-av_icon='\ue87c' data-av_iconfont='entypo-fontello'  tabindex='-1'>Previous<\/a><a href='#next' class='next-slide ' aria-hidden='true' data-av_icon='\ue87d' data-av_iconfont='entypo-fontello'  tabindex='-1'>Next<\/a><\/div><div class='avia-slideshow-dots avia-slideshow-controls'><a href='#1' class='goto-slide active' >1<\/a><a href='#2' class='goto-slide ' >2<\/a><a href='#3' class='goto-slide ' >3<\/a><a href='#4' class='goto-slide ' >4<\/a><a href='#5' class='goto-slide ' >5<\/a><a href='#6' class='goto-slide ' >6<\/a><a href='#7' class='goto-slide ' >7<\/a><a href='#8' class='goto-slide ' >8<\/a><a href='#9' class='goto-slide ' >9<\/a><a href='#10' class='goto-slide ' >10<\/a><a href='#11' class='goto-slide ' >11<\/a><a href='#12' class='goto-slide ' >12<\/a><a href='#13' class='goto-slide ' >13<\/a><a href='#14' class='goto-slide ' >14<\/a><a href='#15' class='goto-slide ' >15<\/a><a href='#16' class='goto-slide ' >16<\/a><a href='#17' class='goto-slide ' >17<\/a><a href='#18' class='goto-slide ' >18<\/a><a href='#19' class='goto-slide ' >19<\/a><\/div><\/div><\/div><div id='after_full_slider_1'  class='main_color av_default_container_wrap container_wrap sidebar_right'  ><div class='container av-section-cont-open' ><div class='template-page content  av-content-small alpha units'><div class='post-entry post-entry-type-page post-entry-36761'><div class='entry-content-wrapper clearfix'>\n<div  class='flex_column av-34zbivs-c60b5d50bcf2e79bb00b1f40b032a0f8 av_one_full  avia-builder-el-1  el_after_av_slideshow_full  el_before_av_one_half  avia-builder-el-first  first flex_column_div  '     ><section  class='av_textblock_section av-l4myyssn-969e366d7fd0948e97d6e5ecf7f5ab46 '   itemscope=\"itemscope\" itemtype=\"https:\/\/schema.org\/BlogPosting\" itemprop=\"blogPost\" ><div class='avia_textblock'  itemprop=\"text\" ><h3>Stylowe, umeblowane mieszkanie z balkonem i pe\u0142nym wyposa\u017ceniem<\/h3>\n<p>To umeblowane mieszkanie w F\u00fcrstenwalde dla jednej do dw\u00f3ch os\u00f3b (2 pojedyncze \u0142\u00f3\u017cka) jest centralnie po\u0142o\u017cone, a jednocze\u015bnie bardzo ciche. Jest w pe\u0142ni wyposa\u017cony i szczeg\u00f3lnie wysokiej jako\u015bci, zw\u0142aszcza z<\/p>\n<ul>\n<li>Pralka,<\/li>\n<li>Zmywarka do naczy\u0144<\/li>\n<li>Piekarnik, mikrofal\u00f3wka i kuchenka<\/li>\n<li>Smart TV 43 cale 4k,<\/li>\n<li>Pok\u00f3j dzienny z miejscem na domowe biuro i biurkiem,<\/li>\n<li>Balkon i<\/li>\n<li>szybki internet (WLAN).<\/li>\n<\/ul>\n<p>Wszystkie meble s\u0105 nowe od grudnia 2022 roku. Dwa pojedyncze \u0142\u00f3\u017cka posiadaj\u0105 wysokiej jako\u015bci materace, dzi\u0119ki czemu \u015bpisz spokojnie i wygodnie i mo\u017cesz po\u015bwi\u0119ci\u0107 si\u0119 swoim projektom wypocz\u0119ty.<\/p>\n<p>W salonie znajduje si\u0119 sofa, st\u00f3\u0142 jadalny, 43-calowy telewizor 4k smart TV oraz biurko. Mo\u017cna wi\u0119c wykorzysta\u0107 umeblowane mieszkanie r\u00f3wnie\u017c jako domowe biuro.<\/p>\n<\/div><\/section><\/div>\n<div  class='flex_column av-2lugzyw-823a805d82da0b23db037b35fd6f4452 av_one_half  avia-builder-el-3  el_after_av_one_full  el_before_av_one_half  first flex_column_div  column-top-margin'     ><section  class='av_textblock_section av-l4mz21qj-a14f00cb34732ed5a887e7be3365875e '   itemscope=\"itemscope\" itemtype=\"https:\/\/schema.org\/BlogPosting\" itemprop=\"blogPost\" ><div class='avia_textblock'  itemprop=\"text\" ><h3>Lokalizacja w F\u00fcrstenwalde<\/h3>\n<p>Mieszkanie znajduje si\u0119 w apartamentowcu w spokojnej dzielnicy mieszkalnej w centrum F\u00fcrstenwalde. W odleg\u0142o\u015bci spaceru znajduj\u0105 si\u0119 r\u00f3\u017cne restauracje, dworzec kolejowy i g\u0142\u00f3wna ulica handlowa.<\/p>\n<p>Najwa\u017cniejsze informacje:<\/p>\n<ul>\n<li>dobre mo\u017cliwo\u015bci parkowania, niemniej jednak centralnie po\u0142o\u017cony<\/li>\n<li>Tylko ok. 20 km \/ 20 min samochodem do Tesla Gigafactory, bez ryzyka kork\u00f3w<\/li>\n<li>tylko ok. 10 km \/ 10 min samochodem do Bad Saarow<\/li>\n<li>5 minut spacerem do stacji, 30 minut do Berlina na regionalnym ekspresie, cz\u0119stotliwo\u015b\u0107 co 20 minut!<\/li>\n<li>w kilka minut samochodem na autostrad\u0119 A12 (Hanower &#8211; Berlin &#8211; Frankfurt nad Odr\u0105)<\/li>\n<\/ul>\n<\/div><\/section><\/div>\n<div  class='flex_column av-26l6h94-5b8da98aa53650c90350d559ed785c0a av_one_half  avia-builder-el-5  el_after_av_one_half  el_before_av_one_half  flex_column_div  column-top-margin'     ><p>\n<style type=\"text\/css\" data-created_by=\"avia_inline_auto\" id=\"style-css-av-l4mz2lfl-f58e78fee6e5ffcb7ba6824e4a7bc784\">\n.avia-image-container.av-l4mz2lfl-f58e78fee6e5ffcb7ba6824e4a7bc784 img.avia_image{\nbox-shadow:none;\n}\n.avia-image-container.av-l4mz2lfl-f58e78fee6e5ffcb7ba6824e4a7bc784 .av-image-caption-overlay-center{\ncolor:#ffffff;\n}\n<\/style>\n<div  class='avia-image-container av-l4mz2lfl-f58e78fee6e5ffcb7ba6824e4a7bc784 av-styling- av-img-linked avia-align-center  avia-builder-el-6  el_before_av_image  avia-builder-el-first '   itemprop=\"image\" itemscope=\"itemscope\" itemtype=\"https:\/\/schema.org\/ImageObject\" ><div class=\"avia-image-container-inner\"><div class=\"avia-image-overlay-wrap\"><a href=\"https:\/\/fuerstenwalde-moebliert.de\/wp-content\/uploads\/2022\/06\/Monteurzimmer-Good-Year-Grundriss-1030x684.jpg\" data-srcset=\"https:\/\/fuerstenwalde-moebliert.de\/wp-content\/uploads\/2022\/06\/Monteurzimmer-Good-Year-Grundriss-1030x684.jpg 1030w, https:\/\/fuerstenwalde-moebliert.de\/wp-content\/uploads\/2022\/06\/Monteurzimmer-Good-Year-Grundriss-300x199.jpg 300w, https:\/\/fuerstenwalde-moebliert.de\/wp-content\/uploads\/2022\/06\/Monteurzimmer-Good-Year-Grundriss-768x510.jpg 768w, https:\/\/fuerstenwalde-moebliert.de\/wp-content\/uploads\/2022\/06\/Monteurzimmer-Good-Year-Grundriss-1536x1021.jpg 1536w, https:\/\/fuerstenwalde-moebliert.de\/wp-content\/uploads\/2022\/06\/Monteurzimmer-Good-Year-Grundriss-1500x997.jpg 1500w, https:\/\/fuerstenwalde-moebliert.de\/wp-content\/uploads\/2022\/06\/Monteurzimmer-Good-Year-Grundriss-705x468.jpg 705w, https:\/\/fuerstenwalde-moebliert.de\/wp-content\/uploads\/2022\/06\/Monteurzimmer-Good-Year-Grundriss.jpg 1794w\" data-sizes=\"(max-width: 1030px) 100vw, 1030px\" class='avia_image '  aria-label='Monteurzimmer Good Year Grundriss'><img decoding=\"async\" fetchpriority=\"high\" class='wp-image-37071 avia-img-lazy-loading-not-37071 avia_image ' src=\"https:\/\/fuerstenwalde-moebliert.de\/wp-content\/uploads\/2022\/06\/Monteurzimmer-Good-Year-Grundriss-1030x684.jpg\" alt='' title='Monteurzimmer Good Year Grundriss'  height=\"684\" width=\"1030\"  itemprop=\"thumbnailUrl\" srcset=\"https:\/\/fuerstenwalde-moebliert.de\/wp-content\/uploads\/2022\/06\/Monteurzimmer-Good-Year-Grundriss-1030x684.jpg 1030w, https:\/\/fuerstenwalde-moebliert.de\/wp-content\/uploads\/2022\/06\/Monteurzimmer-Good-Year-Grundriss-300x199.jpg 300w, https:\/\/fuerstenwalde-moebliert.de\/wp-content\/uploads\/2022\/06\/Monteurzimmer-Good-Year-Grundriss-768x510.jpg 768w, https:\/\/fuerstenwalde-moebliert.de\/wp-content\/uploads\/2022\/06\/Monteurzimmer-Good-Year-Grundriss-1536x1021.jpg 1536w, https:\/\/fuerstenwalde-moebliert.de\/wp-content\/uploads\/2022\/06\/Monteurzimmer-Good-Year-Grundriss-1500x997.jpg 1500w, https:\/\/fuerstenwalde-moebliert.de\/wp-content\/uploads\/2022\/06\/Monteurzimmer-Good-Year-Grundriss-705x468.jpg 705w, https:\/\/fuerstenwalde-moebliert.de\/wp-content\/uploads\/2022\/06\/Monteurzimmer-Good-Year-Grundriss.jpg 1794w\" sizes=\"(max-width: 1030px) 100vw, 1030px\" \/><\/a><\/div><\/div><\/div><br \/>\n\n<style type=\"text\/css\" data-created_by=\"avia_inline_auto\" id=\"style-css-av-nwgf7c-63e174fbd4cc13ebb4453b18ad526788\">\n.avia-image-container.av-nwgf7c-63e174fbd4cc13ebb4453b18ad526788 img.avia_image{\nbox-shadow:none;\n}\n.avia-image-container.av-nwgf7c-63e174fbd4cc13ebb4453b18ad526788 .av-image-caption-overlay-center{\ncolor:#ffffff;\n}\n<\/style>\n<div  class='avia-image-container av-nwgf7c-63e174fbd4cc13ebb4453b18ad526788 av-styling- av-img-linked avia-align-center  avia-builder-el-7  el_after_av_image  avia-builder-el-last '   itemprop=\"image\" itemscope=\"itemscope\" itemtype=\"https:\/\/schema.org\/ImageObject\" ><div class=\"avia-image-container-inner\"><div class=\"avia-image-overlay-wrap\"><a href=\"https:\/\/fuerstenwalde-moebliert.de\/wp-content\/uploads\/2022\/06\/Lage-Fu\u0308rstenwalde-1030x664.png\" data-srcset=\"https:\/\/fuerstenwalde-moebliert.de\/wp-content\/uploads\/2022\/06\/Lage-Fu\u0308rstenwalde-1030x664.png 1030w, https:\/\/fuerstenwalde-moebliert.de\/wp-content\/uploads\/2022\/06\/Lage-Fu\u0308rstenwalde-300x194.png 300w, https:\/\/fuerstenwalde-moebliert.de\/wp-content\/uploads\/2022\/06\/Lage-Fu\u0308rstenwalde-768x495.png 768w, https:\/\/fuerstenwalde-moebliert.de\/wp-content\/uploads\/2022\/06\/Lage-Fu\u0308rstenwalde-1536x991.png 1536w, https:\/\/fuerstenwalde-moebliert.de\/wp-content\/uploads\/2022\/06\/Lage-Fu\u0308rstenwalde-2048x1321.png 2048w, https:\/\/fuerstenwalde-moebliert.de\/wp-content\/uploads\/2022\/06\/Lage-Fu\u0308rstenwalde-1500x968.png 1500w, https:\/\/fuerstenwalde-moebliert.de\/wp-content\/uploads\/2022\/06\/Lage-Fu\u0308rstenwalde-705x455.png 705w, https:\/\/fuerstenwalde-moebliert.de\/wp-content\/uploads\/2022\/06\/Lage-Fu\u0308rstenwalde.png 1920w\" data-sizes=\"(max-width: 1030px) 100vw, 1030px\" class='avia_image '  aria-label='Lage Fu\u0308rstenwalde'><img decoding=\"async\" fetchpriority=\"high\" class='wp-image-36709 avia-img-lazy-loading-not-36709 avia_image ' src=\"https:\/\/fuerstenwalde-moebliert.de\/wp-content\/uploads\/2022\/06\/Lage-Fu\u0308rstenwalde.png\" alt='' title='Lage Fu\u0308rstenwalde'  height=\"1238\" width=\"1920\"  itemprop=\"thumbnailUrl\" srcset=\"https:\/\/fuerstenwalde-moebliert.de\/wp-content\/uploads\/2022\/06\/Lage-Fu\u0308rstenwalde.png 1920w, https:\/\/fuerstenwalde-moebliert.de\/wp-content\/uploads\/2022\/06\/Lage-Fu\u0308rstenwalde-300x194.png 300w, https:\/\/fuerstenwalde-moebliert.de\/wp-content\/uploads\/2022\/06\/Lage-Fu\u0308rstenwalde-1030x664.png 1030w, https:\/\/fuerstenwalde-moebliert.de\/wp-content\/uploads\/2022\/06\/Lage-Fu\u0308rstenwalde-768x495.png 768w, https:\/\/fuerstenwalde-moebliert.de\/wp-content\/uploads\/2022\/06\/Lage-Fu\u0308rstenwalde-1536x991.png 1536w, https:\/\/fuerstenwalde-moebliert.de\/wp-content\/uploads\/2022\/06\/Lage-Fu\u0308rstenwalde-2048x1321.png 2048w, https:\/\/fuerstenwalde-moebliert.de\/wp-content\/uploads\/2022\/06\/Lage-Fu\u0308rstenwalde-1500x968.png 1500w, https:\/\/fuerstenwalde-moebliert.de\/wp-content\/uploads\/2022\/06\/Lage-Fu\u0308rstenwalde-705x455.png 705w\" sizes=\"(max-width: 1920px) 100vw, 1920px\" \/><\/a><\/div><\/div><\/div><\/p><\/div>\n<div  class='flex_column av-1kd6bp4-00240fa18b23c56050d7a2781f3d2c31 av_one_half  avia-builder-el-8  el_after_av_one_half  el_before_av_one_half  first flex_column_div  column-top-margin'     ><section  class='av_textblock_section av-l4mz6r0v-f3801e4879f7a2aef7aa3ab93d0895f3 '   itemscope=\"itemscope\" itemtype=\"https:\/\/schema.org\/BlogPosting\" itemprop=\"blogPost\" ><div class='avia_textblock'  itemprop=\"text\" ><h3>Umeblowane mieszkanie z komfortowym wyposa\u017ceniem<\/h3>\n<\/div><\/section><br \/>\n<div  class='avia-icon-list-container av-l4mzd2zr-92154f703154d77bac954b307a097449  avia-builder-el-10  el_after_av_textblock  avia-builder-el-last '><ul class='avia-icon-list avia_animate_when_almost_visible avia-icon-list-left av-iconlist-big av-l4mzd2zr-92154f703154d77bac954b307a097449 avia-iconlist-animate'>\n<li><div class='iconlist_icon av-l4mzczcp-b932aa551726867f69eb18c68e7b32c0 avia-font-entypo-fontello'><span class='iconlist-char' aria-hidden='true' data-av_icon='\ue82b' data-av_iconfont='entypo-fontello'><\/span><\/div><article class=\"article-icon-entry av-iconlist-empty\"  itemscope=\"itemscope\" itemtype=\"https:\/\/schema.org\/BlogPosting\" itemprop=\"blogPost\" ><div class=\"iconlist_content_wrap\"><header class=\"entry-content-header\" aria-label=\"Icon: Nowe meble wysokiej jako\u015bci\"><h4 class='av_iconlist_title iconlist_title  '  itemprop=\"headline\" >Nowe meble wysokiej jako\u015bci<\/h4><\/header><div class='iconlist_content '  itemprop=\"text\" ><\/div><\/div><footer class=\"entry-footer\"><\/footer><\/article><div class=\"iconlist-timeline\"><\/div><\/li>\n<li><div class='iconlist_icon av-l4mzbsp0-e5e7d6fd1f787cd18dd1380d0e09fe32 avia-font-entypo-fontello'><span class='iconlist-char' aria-hidden='true' data-av_icon='\ue8a7' data-av_iconfont='entypo-fontello'><\/span><\/div><article class=\"article-icon-entry av-iconlist-empty\"  itemscope=\"itemscope\" itemtype=\"https:\/\/schema.org\/BlogPosting\" itemprop=\"blogPost\" ><div class=\"iconlist_content_wrap\"><header class=\"entry-content-header\" aria-label=\"Icon: Szybki internet\"><h4 class='av_iconlist_title iconlist_title  '  itemprop=\"headline\" >Szybki internet<\/h4><\/header><div class='iconlist_content '  itemprop=\"text\" ><\/div><\/div><footer class=\"entry-footer\"><\/footer><\/article><div class=\"iconlist-timeline\"><\/div><\/li>\n<li><div class='iconlist_icon av-l4mza3gf-d026904e75d0c06288c94291bf5e92c6 avia-font-entypo-fontello'><span class='iconlist-char' aria-hidden='true' data-av_icon='\ue866' data-av_iconfont='entypo-fontello'><\/span><\/div><article class=\"article-icon-entry av-iconlist-empty\"  itemscope=\"itemscope\" itemtype=\"https:\/\/schema.org\/BlogPosting\" itemprop=\"blogPost\" ><div class=\"iconlist_content_wrap\"><header class=\"entry-content-header\" aria-label=\"Icon: Balkon\"><h4 class='av_iconlist_title iconlist_title  '  itemprop=\"headline\" >Balkon<\/h4><\/header><div class='iconlist_content '  itemprop=\"text\" ><\/div><\/div><footer class=\"entry-footer\"><\/footer><\/article><div class=\"iconlist-timeline\"><\/div><\/li>\n<li><div class='iconlist_icon av-l4mzamzy-1d30add4d9e1a9bb1d2af4d2ba35cbc5 avia-font-entypo-fontello'><span class='iconlist-char' aria-hidden='true' data-av_icon='\ue8ab' data-av_iconfont='entypo-fontello'><\/span><\/div><article class=\"article-icon-entry av-iconlist-empty\"  itemscope=\"itemscope\" itemtype=\"https:\/\/schema.org\/BlogPosting\" itemprop=\"blogPost\" ><div class=\"iconlist_content_wrap\"><header class=\"entry-content-header\" aria-label=\"Icon: Smart TV\"><h4 class='av_iconlist_title iconlist_title  '  itemprop=\"headline\" >Smart TV<\/h4><\/header><div class='iconlist_content '  itemprop=\"text\" ><\/div><\/div><footer class=\"entry-footer\"><\/footer><\/article><div class=\"iconlist-timeline\"><\/div><\/li>\n<li><div class='iconlist_icon av-l4mz9lu5-bdc96350b3d3a93a40dd22896a3ef4bc avia-font-entypo-fontello'><span class='iconlist-char' aria-hidden='true' data-av_icon='\ue858' data-av_iconfont='entypo-fontello'><\/span><\/div><article class=\"article-icon-entry av-iconlist-empty\"  itemscope=\"itemscope\" itemtype=\"https:\/\/schema.org\/BlogPosting\" itemprop=\"blogPost\" ><div class=\"iconlist_content_wrap\"><header class=\"entry-content-header\" aria-label=\"Icon: Pralka\"><h4 class='av_iconlist_title iconlist_title  '  itemprop=\"headline\" >Pralka<\/h4><\/header><div class='iconlist_content '  itemprop=\"text\" ><\/div><\/div><footer class=\"entry-footer\"><\/footer><\/article><div class=\"iconlist-timeline\"><\/div><\/li>\n<li><div class='iconlist_icon av-lb0uz81x-009c3c3d65a976f8b879bc75d3fd0f50 avia-font-entypo-fontello'><span class='iconlist-char' aria-hidden='true' data-av_icon='\ue895' data-av_iconfont='entypo-fontello'><\/span><\/div><article class=\"article-icon-entry av-iconlist-empty\"  itemscope=\"itemscope\" itemtype=\"https:\/\/schema.org\/BlogPosting\" itemprop=\"blogPost\" ><div class=\"iconlist_content_wrap\"><header class=\"entry-content-header\" aria-label=\"Icon: Zmywarka do naczy\u0144\"><h4 class='av_iconlist_title iconlist_title  '  itemprop=\"headline\" >Zmywarka do naczy\u0144<\/h4><\/header><div class='iconlist_content '  itemprop=\"text\" ><\/div><\/div><footer class=\"entry-footer\"><\/footer><\/article><div class=\"iconlist-timeline\"><\/div><\/li>\n<li><div class='iconlist_icon av-l4mzg9ak-fa082ef48743e882e041ec82535711bc avia-font-entypo-fontello'><span class='iconlist-char' aria-hidden='true' data-av_icon='\ue807' data-av_iconfont='entypo-fontello'><\/span><\/div><article class=\"article-icon-entry av-iconlist-empty\"  itemscope=\"itemscope\" itemtype=\"https:\/\/schema.org\/BlogPosting\" itemprop=\"blogPost\" ><div class=\"iconlist_content_wrap\"><header class=\"entry-content-header\" aria-label=\"Icon: Ekspres do kawy Nespresso\"><h4 class='av_iconlist_title iconlist_title  '  itemprop=\"headline\" >Ekspres do kawy Nespresso<\/h4><\/header><div class='iconlist_content '  itemprop=\"text\" ><\/div><\/div><footer class=\"entry-footer\"><\/footer><\/article><div class=\"iconlist-timeline\"><\/div><\/li>\n<li><div class='iconlist_icon av-l8ihw6m2-0393dcfa5b25d6d16f25582d9a920682 avia-font-entypo-fontello'><span class='iconlist-char' aria-hidden='true' data-av_icon='\ue8de' data-av_iconfont='entypo-fontello'><\/span><\/div><article class=\"article-icon-entry av-iconlist-empty\"  itemscope=\"itemscope\" itemtype=\"https:\/\/schema.org\/BlogPosting\" itemprop=\"blogPost\" ><div class=\"iconlist_content_wrap\"><header class=\"entry-content-header\" aria-label=\"Icon: Mikrofal\u00f3wka\"><h4 class='av_iconlist_title iconlist_title  '  itemprop=\"headline\" >Mikrofal\u00f3wka<\/h4><\/header><div class='iconlist_content '  itemprop=\"text\" ><\/div><\/div><footer class=\"entry-footer\"><\/footer><\/article><div class=\"iconlist-timeline\"><\/div><\/li>\n<\/ul><\/div><\/p><\/div>\n<div  class='flex_column av-1099d94-25ce3a74e8d26bcdbdbf6e990d9980e6 av_one_half  avia-builder-el-11  el_after_av_one_half  el_before_av_one_full  flex_column_div  column-top-margin'     ><p>\n<style type=\"text\/css\" data-created_by=\"avia_inline_auto\" id=\"style-css-av-l4mz6ar2-1345c65cb79148e4617381d3f94a97db\">\n.avia-image-container.av-l4mz6ar2-1345c65cb79148e4617381d3f94a97db img.avia_image{\nbox-shadow:none;\n}\n.avia-image-container.av-l4mz6ar2-1345c65cb79148e4617381d3f94a97db .av-image-caption-overlay-center{\ncolor:#ffffff;\n}\n<\/style>\n<div  class='avia-image-container av-l4mz6ar2-1345c65cb79148e4617381d3f94a97db av-styling- avia-align-center  avia-builder-el-12  el_before_av_image  avia-builder-el-first '   itemprop=\"image\" itemscope=\"itemscope\" itemtype=\"https:\/\/schema.org\/ImageObject\" ><div class=\"avia-image-container-inner\"><div class=\"avia-image-overlay-wrap\"><img decoding=\"async\" fetchpriority=\"high\" class='wp-image-37190 avia-img-lazy-loading-not-37190 avia_image ' src=\"https:\/\/fuerstenwalde-moebliert.de\/wp-content\/uploads\/2023\/01\/apt-good-year-_7R35737-HDR-1030x687.jpg\" alt='Miete auf Zeit -' title='apt-good-year-_7R35737-HDR'  height=\"687\" width=\"1030\"  itemprop=\"thumbnailUrl\" srcset=\"https:\/\/fuerstenwalde-moebliert.de\/wp-content\/uploads\/2023\/01\/apt-good-year-_7R35737-HDR-1030x687.jpg 1030w, https:\/\/fuerstenwalde-moebliert.de\/wp-content\/uploads\/2023\/01\/apt-good-year-_7R35737-HDR-300x200.jpg 300w, https:\/\/fuerstenwalde-moebliert.de\/wp-content\/uploads\/2023\/01\/apt-good-year-_7R35737-HDR-768x512.jpg 768w, https:\/\/fuerstenwalde-moebliert.de\/wp-content\/uploads\/2023\/01\/apt-good-year-_7R35737-HDR-1536x1025.jpg 1536w, https:\/\/fuerstenwalde-moebliert.de\/wp-content\/uploads\/2023\/01\/apt-good-year-_7R35737-HDR-1500x1001.jpg 1500w, https:\/\/fuerstenwalde-moebliert.de\/wp-content\/uploads\/2023\/01\/apt-good-year-_7R35737-HDR-705x470.jpg 705w, https:\/\/fuerstenwalde-moebliert.de\/wp-content\/uploads\/2023\/01\/apt-good-year-_7R35737-HDR.jpg 1920w\" sizes=\"(max-width: 1030px) 100vw, 1030px\" \/><\/div><\/div><\/div><br \/>\n\n<style type=\"text\/css\" data-created_by=\"avia_inline_auto\" id=\"style-css-av-l4mzn47s-2dc6746b22dc30562dfbb537836883cb\">\n.avia-image-container.av-l4mzn47s-2dc6746b22dc30562dfbb537836883cb img.avia_image{\nbox-shadow:none;\n}\n.avia-image-container.av-l4mzn47s-2dc6746b22dc30562dfbb537836883cb .av-image-caption-overlay-center{\ncolor:#ffffff;\n}\n<\/style>\n<div  class='avia-image-container av-l4mzn47s-2dc6746b22dc30562dfbb537836883cb av-styling- avia-align-center  avia-builder-el-13  el_after_av_image  avia-builder-el-last '   itemprop=\"image\" itemscope=\"itemscope\" itemtype=\"https:\/\/schema.org\/ImageObject\" ><div class=\"avia-image-container-inner\"><div class=\"avia-image-overlay-wrap\"><img decoding=\"async\" fetchpriority=\"high\" class='wp-image-37158 avia-img-lazy-loading-not-37158 avia_image ' src=\"https:\/\/fuerstenwalde-moebliert.de\/wp-content\/uploads\/2023\/01\/apt-good-year-_7R35692-HDR-1030x687.jpg\" alt='' title='apt-good-year-_7R35692-HDR'  height=\"687\" width=\"1030\"  itemprop=\"thumbnailUrl\" srcset=\"https:\/\/fuerstenwalde-moebliert.de\/wp-content\/uploads\/2023\/01\/apt-good-year-_7R35692-HDR-1030x687.jpg 1030w, https:\/\/fuerstenwalde-moebliert.de\/wp-content\/uploads\/2023\/01\/apt-good-year-_7R35692-HDR-300x200.jpg 300w, https:\/\/fuerstenwalde-moebliert.de\/wp-content\/uploads\/2023\/01\/apt-good-year-_7R35692-HDR-768x512.jpg 768w, https:\/\/fuerstenwalde-moebliert.de\/wp-content\/uploads\/2023\/01\/apt-good-year-_7R35692-HDR-1536x1025.jpg 1536w, https:\/\/fuerstenwalde-moebliert.de\/wp-content\/uploads\/2023\/01\/apt-good-year-_7R35692-HDR-1500x1001.jpg 1500w, https:\/\/fuerstenwalde-moebliert.de\/wp-content\/uploads\/2023\/01\/apt-good-year-_7R35692-HDR-705x470.jpg 705w, https:\/\/fuerstenwalde-moebliert.de\/wp-content\/uploads\/2023\/01\/apt-good-year-_7R35692-HDR.jpg 1920w\" sizes=\"(max-width: 1030px) 100vw, 1030px\" \/><\/div><\/div><\/div><\/p><\/div>\n<div  class='flex_column av-159npjs-a0b2c49cbfe8a5e2d56c58b94a2b4bdb av_one_full  avia-builder-el-14  el_after_av_one_half  el_before_av_one_full  first flex_column_div  column-top-margin'     ><section  class='av_textblock_section av-lcjj0pta-da20c9429fc0ee33b1dfe0345447ea50 '   itemscope=\"itemscope\" itemtype=\"https:\/\/schema.org\/BlogPosting\" itemprop=\"blogPost\" ><div class='avia_textblock'  itemprop=\"text\" ><h2>Wideo wycieczka po umeblowanym mieszkaniu<\/h2>\n<p>Filmik m\u00f3wi wi\u0119cej ni\u017c 100 s\u0142\u00f3w. Obejrzyj film, aby zobaczy\u0107 jak wygl\u0105da Twoje mieszkanie przy Tesli!<\/p>\n<\/div><\/section><br \/>\n\n<style type=\"text\/css\" data-created_by=\"avia_inline_auto\" id=\"style-css-av-lcjj2pec-a25a95b8ac78802ba4e2a7a38f351098\">\n.avia-video.av-lcjj2pec-a25a95b8ac78802ba4e2a7a38f351098{\nbackground-image:url(https:\/\/fuerstenwalde-moebliert.de\/wp-content\/uploads\/2023\/01\/apt-good-year-_7R35701-HDR-300x200.jpg);\n}\n<\/style>\n<div  class='avia-video av-lcjj2pec-a25a95b8ac78802ba4e2a7a38f351098 avia-video-16-9 av-preview-image avia-video-load-always av-lazyload-immediate av-lazyload-video-embed'  itemprop=\"video\" itemtype=\"https:\/\/schema.org\/VideoObject\"  data-original_url='https:\/\/youtu.be\/jdRqOGsmU-g'><script type='text\/html' class='av-video-tmpl'><div class='avia-iframe-wrap'><iframe loading=\"lazy\" title=\"M\u00f6blierte Wohnung nahe Tesla Gigafactory Gr\u00fcnheide. Premium Wohnen, mieten auf Zeit!\" width=\"1500\" height=\"844\" src=\"https:\/\/www.youtube.com\/embed\/jdRqOGsmU-g?feature=oembed&autoplay=0&loop=0&controls=1&mute=0\" frameborder=\"0\" allow=\"accelerometer; autoplay; clipboard-write; encrypted-media; gyroscope; picture-in-picture; web-share\" allowfullscreen><\/iframe><\/div><\/script><div class='av-click-to-play-overlay'><div class=\"avia_playpause_icon\"><\/div><\/div><\/div><\/p><\/div>\n<div  class='flex_column av-w08ys8-1fb1af6f385bfedad69a972425d3b573 av_one_full  avia-builder-el-17  el_after_av_one_full  el_before_av_one_full  first flex_column_div  column-top-margin'     ><section  class='av_textblock_section av-ldolkczh-c7d11fa48f5460be53e427e0ddfd0c04 '   itemscope=\"itemscope\" itemtype=\"https:\/\/schema.org\/BlogPosting\" itemprop=\"blogPost\" ><div class='avia_textblock'  itemprop=\"text\" ><h3>Zdj\u0119cia salonu, sypialni, \u0142azienki i kuchni<\/h3>\n<\/div><\/section><br \/>\n<div id='av-masonry-1' class='av-masonry av-ldolnavs-81bceaeae75f092dd047b14b7245a415 noHover av-fixed-size av-1px-gap av-hover-overlay-active av-masonry-animation-active av-masonry-col-flexible av-caption-on-hover av-caption-style- av-masonry-gallery ' data-post_id=\"36761\"><div class=\"av-masonry-container isotope av-js-disabled\"><div class='av-masonry-entry isotope-item av-masonry-item-no-image '><\/div><a href=\"https:\/\/fuerstenwalde-moebliert.de\/wp-content\/uploads\/2023\/01\/apt-good-year-_7R35731-HDR-1030x687.jpg\" data-srcset=\"https:\/\/fuerstenwalde-moebliert.de\/wp-content\/uploads\/2023\/01\/apt-good-year-_7R35731-HDR-1030x687.jpg 1030w, https:\/\/fuerstenwalde-moebliert.de\/wp-content\/uploads\/2023\/01\/apt-good-year-_7R35731-HDR-300x200.jpg 300w, https:\/\/fuerstenwalde-moebliert.de\/wp-content\/uploads\/2023\/01\/apt-good-year-_7R35731-HDR-768x512.jpg 768w, https:\/\/fuerstenwalde-moebliert.de\/wp-content\/uploads\/2023\/01\/apt-good-year-_7R35731-HDR-1536x1025.jpg 1536w, https:\/\/fuerstenwalde-moebliert.de\/wp-content\/uploads\/2023\/01\/apt-good-year-_7R35731-HDR-1500x1001.jpg 1500w, https:\/\/fuerstenwalde-moebliert.de\/wp-content\/uploads\/2023\/01\/apt-good-year-_7R35731-HDR-705x470.jpg 705w, https:\/\/fuerstenwalde-moebliert.de\/wp-content\/uploads\/2023\/01\/apt-good-year-_7R35731-HDR.jpg 1920w\" data-sizes=\"(max-width: 1030px) 100vw, 1030px\"  aria-label=\"image apt-good-year-_7R35731-HDR\"  id='av-masonry-1-item-37272' data-av-masonry-item='37272' class='av-masonry-entry isotope-item post-37272 attachment type-attachment status-inherit hentry  av-masonry-item-with-image av-grid-img' title=\"apt-good-year-_7R35731-HDR\" alt=\"\"    itemprop=\"thumbnailUrl\" ><div class='av-inner-masonry-sizer'><\/div><figure class='av-inner-masonry main_color'><div class=\"av-masonry-outerimage-container\"><div class='av-masonry-image-container' style=\"background-image: url(https:\/\/fuerstenwalde-moebliert.de\/wp-content\/uploads\/2023\/01\/apt-good-year-_7R35731-HDR-1536x1025.jpg);\"  title=\"apt-good-year-_7R35731-HDR\" ><\/div><\/div><figcaption class='av-inner-masonry-content site-background'><div class='av-inner-masonry-content-pos'><div class='av-inner-masonry-content-pos-content'><div class='avia-arrow'><\/div><div class='av-masonry-entry-content entry-content'  itemprop=\"text\" >Badezimmer<\/div><\/div><\/div><\/figcaption><\/figure><\/a><!--end av-masonry entry--><a href=\"https:\/\/fuerstenwalde-moebliert.de\/wp-content\/uploads\/2023\/01\/apt-good-year-_7R35722-HDR-1030x687.jpg\" data-srcset=\"https:\/\/fuerstenwalde-moebliert.de\/wp-content\/uploads\/2023\/01\/apt-good-year-_7R35722-HDR-1030x687.jpg 1030w, https:\/\/fuerstenwalde-moebliert.de\/wp-content\/uploads\/2023\/01\/apt-good-year-_7R35722-HDR-300x200.jpg 300w, https:\/\/fuerstenwalde-moebliert.de\/wp-content\/uploads\/2023\/01\/apt-good-year-_7R35722-HDR-768x512.jpg 768w, https:\/\/fuerstenwalde-moebliert.de\/wp-content\/uploads\/2023\/01\/apt-good-year-_7R35722-HDR-1536x1025.jpg 1536w, https:\/\/fuerstenwalde-moebliert.de\/wp-content\/uploads\/2023\/01\/apt-good-year-_7R35722-HDR-1500x1001.jpg 1500w, https:\/\/fuerstenwalde-moebliert.de\/wp-content\/uploads\/2023\/01\/apt-good-year-_7R35722-HDR-705x470.jpg 705w, https:\/\/fuerstenwalde-moebliert.de\/wp-content\/uploads\/2023\/01\/apt-good-year-_7R35722-HDR.jpg 1920w\" data-sizes=\"(max-width: 1030px) 100vw, 1030px\"  aria-label=\"image apt-good-year-_7R35722-HDR\"  id='av-masonry-1-item-37264' data-av-masonry-item='37264' class='av-masonry-entry isotope-item post-37264 attachment type-attachment status-inherit hentry  av-masonry-item-with-image av-grid-img' title=\"apt-good-year-_7R35722-HDR\" alt=\"\"    itemprop=\"thumbnailUrl\" ><div class='av-inner-masonry-sizer'><\/div><figure class='av-inner-masonry main_color'><div class=\"av-masonry-outerimage-container\"><div class='av-masonry-image-container' style=\"background-image: url(https:\/\/fuerstenwalde-moebliert.de\/wp-content\/uploads\/2023\/01\/apt-good-year-_7R35722-HDR-1536x1025.jpg);\"  title=\"apt-good-year-_7R35722-HDR\" ><\/div><\/div><figcaption class='av-inner-masonry-content site-background'><div class='av-inner-masonry-content-pos'><div class='av-inner-masonry-content-pos-content'><div class='avia-arrow'><\/div><div class='av-masonry-entry-content entry-content'  itemprop=\"text\" >Badezimmer<\/div><\/div><\/div><\/figcaption><\/figure><\/a><!--end av-masonry entry--><a href=\"https:\/\/fuerstenwalde-moebliert.de\/wp-content\/uploads\/2023\/01\/apt-good-year-35773_7R35773-1030x687.jpg\" data-srcset=\"https:\/\/fuerstenwalde-moebliert.de\/wp-content\/uploads\/2023\/01\/apt-good-year-35773_7R35773-1030x687.jpg 1030w, https:\/\/fuerstenwalde-moebliert.de\/wp-content\/uploads\/2023\/01\/apt-good-year-35773_7R35773-300x200.jpg 300w, https:\/\/fuerstenwalde-moebliert.de\/wp-content\/uploads\/2023\/01\/apt-good-year-35773_7R35773-768x512.jpg 768w, https:\/\/fuerstenwalde-moebliert.de\/wp-content\/uploads\/2023\/01\/apt-good-year-35773_7R35773-1536x1025.jpg 1536w, https:\/\/fuerstenwalde-moebliert.de\/wp-content\/uploads\/2023\/01\/apt-good-year-35773_7R35773-1500x1001.jpg 1500w, https:\/\/fuerstenwalde-moebliert.de\/wp-content\/uploads\/2023\/01\/apt-good-year-35773_7R35773-705x470.jpg 705w, https:\/\/fuerstenwalde-moebliert.de\/wp-content\/uploads\/2023\/01\/apt-good-year-35773_7R35773.jpg 1920w\" data-sizes=\"(max-width: 1030px) 100vw, 1030px\"  aria-label=\"image apt-good-year-35773_7R35773\"  id='av-masonry-1-item-37234' data-av-masonry-item='37234' class='av-masonry-entry isotope-item post-37234 attachment type-attachment status-inherit hentry  av-masonry-item-with-image av-grid-img' title=\"apt-good-year-35773_7R35773\" alt=\"\"    itemprop=\"thumbnailUrl\" ><div class='av-inner-masonry-sizer'><\/div><figure class='av-inner-masonry main_color'><div class=\"av-masonry-outerimage-container\"><div class='av-masonry-image-container' style=\"background-image: url(https:\/\/fuerstenwalde-moebliert.de\/wp-content\/uploads\/2023\/01\/apt-good-year-35773_7R35773-1536x1025.jpg);\"  title=\"apt-good-year-35773_7R35773\" ><\/div><\/div><figcaption class='av-inner-masonry-content site-background'><div class='av-inner-masonry-content-pos'><div class='av-inner-masonry-content-pos-content'><div class='avia-arrow'><\/div><div class='av-masonry-entry-content entry-content'  itemprop=\"text\" >Viel Schrankplatz<\/div><\/div><\/div><\/figcaption><\/figure><\/a><!--end av-masonry entry--><a href=\"https:\/\/fuerstenwalde-moebliert.de\/wp-content\/uploads\/2023\/01\/apt-good-year-35765_7R35765-1030x687.jpg\" data-srcset=\"https:\/\/fuerstenwalde-moebliert.de\/wp-content\/uploads\/2023\/01\/apt-good-year-35765_7R35765-1030x687.jpg 1030w, https:\/\/fuerstenwalde-moebliert.de\/wp-content\/uploads\/2023\/01\/apt-good-year-35765_7R35765-300x200.jpg 300w, https:\/\/fuerstenwalde-moebliert.de\/wp-content\/uploads\/2023\/01\/apt-good-year-35765_7R35765-768x512.jpg 768w, https:\/\/fuerstenwalde-moebliert.de\/wp-content\/uploads\/2023\/01\/apt-good-year-35765_7R35765-1536x1025.jpg 1536w, https:\/\/fuerstenwalde-moebliert.de\/wp-content\/uploads\/2023\/01\/apt-good-year-35765_7R35765-1500x1001.jpg 1500w, https:\/\/fuerstenwalde-moebliert.de\/wp-content\/uploads\/2023\/01\/apt-good-year-35765_7R35765-705x470.jpg 705w, https:\/\/fuerstenwalde-moebliert.de\/wp-content\/uploads\/2023\/01\/apt-good-year-35765_7R35765.jpg 1920w\" data-sizes=\"(max-width: 1030px) 100vw, 1030px\"  aria-label=\"image apt-good-year-35765_7R35765\"  id='av-masonry-1-item-37230' data-av-masonry-item='37230' class='av-masonry-entry isotope-item post-37230 attachment type-attachment status-inherit hentry  av-masonry-item-with-image av-grid-img' title=\"apt-good-year-35765_7R35765\" alt=\"\"    itemprop=\"thumbnailUrl\" ><div class='av-inner-masonry-sizer'><\/div><figure class='av-inner-masonry main_color'><div class=\"av-masonry-outerimage-container\"><div class='av-masonry-image-container' style=\"background-image: url(https:\/\/fuerstenwalde-moebliert.de\/wp-content\/uploads\/2023\/01\/apt-good-year-35765_7R35765-1536x1025.jpg);\"  title=\"apt-good-year-35765_7R35765\" ><\/div><\/div><figcaption class='av-inner-masonry-content site-background'><div class='av-inner-masonry-content-pos'><div class='av-inner-masonry-content-pos-content'><div class='avia-arrow'><\/div><div class='av-masonry-entry-content entry-content'  itemprop=\"text\" >Feelgood<\/div><\/div><\/div><\/figcaption><\/figure><\/a><!--end av-masonry entry--><a href=\"https:\/\/fuerstenwalde-moebliert.de\/wp-content\/uploads\/2023\/01\/apt-good-year-35762_7R35762-1030x687.jpg\" data-srcset=\"https:\/\/fuerstenwalde-moebliert.de\/wp-content\/uploads\/2023\/01\/apt-good-year-35762_7R35762-1030x687.jpg 1030w, https:\/\/fuerstenwalde-moebliert.de\/wp-content\/uploads\/2023\/01\/apt-good-year-35762_7R35762-300x200.jpg 300w, https:\/\/fuerstenwalde-moebliert.de\/wp-content\/uploads\/2023\/01\/apt-good-year-35762_7R35762-768x512.jpg 768w, https:\/\/fuerstenwalde-moebliert.de\/wp-content\/uploads\/2023\/01\/apt-good-year-35762_7R35762-1536x1025.jpg 1536w, https:\/\/fuerstenwalde-moebliert.de\/wp-content\/uploads\/2023\/01\/apt-good-year-35762_7R35762-1500x1001.jpg 1500w, https:\/\/fuerstenwalde-moebliert.de\/wp-content\/uploads\/2023\/01\/apt-good-year-35762_7R35762-705x470.jpg 705w, https:\/\/fuerstenwalde-moebliert.de\/wp-content\/uploads\/2023\/01\/apt-good-year-35762_7R35762.jpg 1920w\" data-sizes=\"(max-width: 1030px) 100vw, 1030px\"  aria-label=\"image apt-good-year-35762_7R35762\"  id='av-masonry-1-item-37222' data-av-masonry-item='37222' class='av-masonry-entry isotope-item post-37222 attachment type-attachment status-inherit hentry  av-masonry-item-with-image av-grid-img' title=\"apt-good-year-35762_7R35762\" alt=\"\"    itemprop=\"thumbnailUrl\" ><div class='av-inner-masonry-sizer'><\/div><figure class='av-inner-masonry main_color'><div class=\"av-masonry-outerimage-container\"><div class='av-masonry-image-container' style=\"background-image: url(https:\/\/fuerstenwalde-moebliert.de\/wp-content\/uploads\/2023\/01\/apt-good-year-35762_7R35762-1536x1025.jpg);\"  title=\"apt-good-year-35762_7R35762\" ><\/div><\/div><figcaption class='av-inner-masonry-content site-background'><div class='av-inner-masonry-content-pos'><div class='av-inner-masonry-content-pos-content'><div class='avia-arrow'><\/div><div class='av-masonry-entry-content entry-content'  itemprop=\"text\" >Herd und Backofen<\/div><\/div><\/div><\/figcaption><\/figure><\/a><!--end av-masonry entry--><a href=\"https:\/\/fuerstenwalde-moebliert.de\/wp-content\/uploads\/2023\/01\/apt-good-year-_7R35755-HDR-1030x687.jpg\" data-srcset=\"https:\/\/fuerstenwalde-moebliert.de\/wp-content\/uploads\/2023\/01\/apt-good-year-_7R35755-HDR-1030x687.jpg 1030w, https:\/\/fuerstenwalde-moebliert.de\/wp-content\/uploads\/2023\/01\/apt-good-year-_7R35755-HDR-300x200.jpg 300w, https:\/\/fuerstenwalde-moebliert.de\/wp-content\/uploads\/2023\/01\/apt-good-year-_7R35755-HDR-768x512.jpg 768w, https:\/\/fuerstenwalde-moebliert.de\/wp-content\/uploads\/2023\/01\/apt-good-year-_7R35755-HDR-1536x1025.jpg 1536w, https:\/\/fuerstenwalde-moebliert.de\/wp-content\/uploads\/2023\/01\/apt-good-year-_7R35755-HDR-1500x1001.jpg 1500w, https:\/\/fuerstenwalde-moebliert.de\/wp-content\/uploads\/2023\/01\/apt-good-year-_7R35755-HDR-705x470.jpg 705w, https:\/\/fuerstenwalde-moebliert.de\/wp-content\/uploads\/2023\/01\/apt-good-year-_7R35755-HDR.jpg 1920w\" data-sizes=\"(max-width: 1030px) 100vw, 1030px\"  aria-label=\"image apt-good-year-_7R35755-HDR\"  id='av-masonry-1-item-37210' data-av-masonry-item='37210' class='av-masonry-entry isotope-item post-37210 attachment type-attachment status-inherit hentry  av-masonry-item-with-image av-grid-img' title=\"apt-good-year-_7R35755-HDR\" alt=\"\"    itemprop=\"thumbnailUrl\" ><div class='av-inner-masonry-sizer'><\/div><figure class='av-inner-masonry main_color'><div class=\"av-masonry-outerimage-container\"><div class='av-masonry-image-container' style=\"background-image: url(https:\/\/fuerstenwalde-moebliert.de\/wp-content\/uploads\/2023\/01\/apt-good-year-_7R35755-HDR-1536x1025.jpg);\"  title=\"apt-good-year-_7R35755-HDR\" ><\/div><\/div><figcaption class='av-inner-masonry-content site-background'><div class='av-inner-masonry-content-pos'><div class='av-inner-masonry-content-pos-content'><div class='avia-arrow'><\/div><div class='av-masonry-entry-content entry-content'  itemprop=\"text\" >Balkon<\/div><\/div><\/div><\/figcaption><\/figure><\/a><!--end av-masonry entry--><a href=\"https:\/\/fuerstenwalde-moebliert.de\/wp-content\/uploads\/2023\/01\/apt-good-year-_7R35749-HDR-1030x687.jpg\" data-srcset=\"https:\/\/fuerstenwalde-moebliert.de\/wp-content\/uploads\/2023\/01\/apt-good-year-_7R35749-HDR-1030x687.jpg 1030w, https:\/\/fuerstenwalde-moebliert.de\/wp-content\/uploads\/2023\/01\/apt-good-year-_7R35749-HDR-300x200.jpg 300w, https:\/\/fuerstenwalde-moebliert.de\/wp-content\/uploads\/2023\/01\/apt-good-year-_7R35749-HDR-768x512.jpg 768w, https:\/\/fuerstenwalde-moebliert.de\/wp-content\/uploads\/2023\/01\/apt-good-year-_7R35749-HDR-1536x1025.jpg 1536w, https:\/\/fuerstenwalde-moebliert.de\/wp-content\/uploads\/2023\/01\/apt-good-year-_7R35749-HDR-1500x1001.jpg 1500w, https:\/\/fuerstenwalde-moebliert.de\/wp-content\/uploads\/2023\/01\/apt-good-year-_7R35749-HDR-705x470.jpg 705w, https:\/\/fuerstenwalde-moebliert.de\/wp-content\/uploads\/2023\/01\/apt-good-year-_7R35749-HDR.jpg 1920w\" data-sizes=\"(max-width: 1030px) 100vw, 1030px\"  aria-label=\"image apt-good-year-_7R35749-HDR\"  id='av-masonry-1-item-37206' data-av-masonry-item='37206' class='av-masonry-entry isotope-item post-37206 attachment type-attachment status-inherit hentry  av-masonry-item-with-image av-grid-img' title=\"apt-good-year-_7R35749-HDR\" alt=\"\"    itemprop=\"thumbnailUrl\" ><div class='av-inner-masonry-sizer'><\/div><figure class='av-inner-masonry main_color'><div class=\"av-masonry-outerimage-container\"><div class='av-masonry-image-container' style=\"background-image: url(https:\/\/fuerstenwalde-moebliert.de\/wp-content\/uploads\/2023\/01\/apt-good-year-_7R35749-HDR-1536x1025.jpg);\"  title=\"apt-good-year-_7R35749-HDR\" ><\/div><\/div><figcaption class='av-inner-masonry-content site-background'><div class='av-inner-masonry-content-pos'><div class='av-inner-masonry-content-pos-content'><div class='avia-arrow'><\/div><div class='av-masonry-entry-content entry-content'  itemprop=\"text\" >Hell<\/div><\/div><\/div><\/figcaption><\/figure><\/a><!--end av-masonry entry--><a href=\"https:\/\/fuerstenwalde-moebliert.de\/wp-content\/uploads\/2023\/01\/apt-good-year-_7R35746-HDR-1030x687.jpg\" data-srcset=\"https:\/\/fuerstenwalde-moebliert.de\/wp-content\/uploads\/2023\/01\/apt-good-year-_7R35746-HDR-1030x687.jpg 1030w, https:\/\/fuerstenwalde-moebliert.de\/wp-content\/uploads\/2023\/01\/apt-good-year-_7R35746-HDR-300x200.jpg 300w, https:\/\/fuerstenwalde-moebliert.de\/wp-content\/uploads\/2023\/01\/apt-good-year-_7R35746-HDR-768x512.jpg 768w, https:\/\/fuerstenwalde-moebliert.de\/wp-content\/uploads\/2023\/01\/apt-good-year-_7R35746-HDR-1536x1025.jpg 1536w, https:\/\/fuerstenwalde-moebliert.de\/wp-content\/uploads\/2023\/01\/apt-good-year-_7R35746-HDR-1500x1001.jpg 1500w, https:\/\/fuerstenwalde-moebliert.de\/wp-content\/uploads\/2023\/01\/apt-good-year-_7R35746-HDR-705x470.jpg 705w, https:\/\/fuerstenwalde-moebliert.de\/wp-content\/uploads\/2023\/01\/apt-good-year-_7R35746-HDR.jpg 1920w\" data-sizes=\"(max-width: 1030px) 100vw, 1030px\"  aria-label=\"image apt-good-year-_7R35746-HDR\"  id='av-masonry-1-item-37202' data-av-masonry-item='37202' class='av-masonry-entry isotope-item post-37202 attachment type-attachment status-inherit hentry  av-masonry-item-with-image av-grid-img' title=\"apt-good-year-_7R35746-HDR\" alt=\"\"    itemprop=\"thumbnailUrl\" ><div class='av-inner-masonry-sizer'><\/div><figure class='av-inner-masonry main_color'><div class=\"av-masonry-outerimage-container\"><div class='av-masonry-image-container' style=\"background-image: url(https:\/\/fuerstenwalde-moebliert.de\/wp-content\/uploads\/2023\/01\/apt-good-year-_7R35746-HDR-1536x1025.jpg);\"  title=\"apt-good-year-_7R35746-HDR\" ><\/div><\/div><figcaption class='av-inner-masonry-content site-background'><div class='av-inner-masonry-content-pos'><div class='av-inner-masonry-content-pos-content'><div class='avia-arrow'><\/div><div class='av-masonry-entry-content entry-content'  itemprop=\"text\" >Smart TV 43 Zoll<\/div><\/div><\/div><\/figcaption><\/figure><\/a><!--end av-masonry entry--><a href=\"https:\/\/fuerstenwalde-moebliert.de\/wp-content\/uploads\/2023\/01\/apt-good-year-_7R35743-HDR-1030x687.jpg\" data-srcset=\"https:\/\/fuerstenwalde-moebliert.de\/wp-content\/uploads\/2023\/01\/apt-good-year-_7R35743-HDR-1030x687.jpg 1030w, https:\/\/fuerstenwalde-moebliert.de\/wp-content\/uploads\/2023\/01\/apt-good-year-_7R35743-HDR-300x200.jpg 300w, https:\/\/fuerstenwalde-moebliert.de\/wp-content\/uploads\/2023\/01\/apt-good-year-_7R35743-HDR-768x512.jpg 768w, https:\/\/fuerstenwalde-moebliert.de\/wp-content\/uploads\/2023\/01\/apt-good-year-_7R35743-HDR-1536x1025.jpg 1536w, https:\/\/fuerstenwalde-moebliert.de\/wp-content\/uploads\/2023\/01\/apt-good-year-_7R35743-HDR-1500x1001.jpg 1500w, https:\/\/fuerstenwalde-moebliert.de\/wp-content\/uploads\/2023\/01\/apt-good-year-_7R35743-HDR-705x470.jpg 705w, https:\/\/fuerstenwalde-moebliert.de\/wp-content\/uploads\/2023\/01\/apt-good-year-_7R35743-HDR.jpg 1920w\" data-sizes=\"(max-width: 1030px) 100vw, 1030px\"  aria-label=\"image apt-good-year-_7R35743-HDR\"  id='av-masonry-1-item-37198' data-av-masonry-item='37198' class='av-masonry-entry isotope-item post-37198 attachment type-attachment status-inherit hentry  av-masonry-item-with-image av-grid-img' title=\"apt-good-year-_7R35743-HDR\" alt=\"\"    itemprop=\"thumbnailUrl\" ><div class='av-inner-masonry-sizer'><\/div><figure class='av-inner-masonry main_color'><div class=\"av-masonry-outerimage-container\"><div class='av-masonry-image-container' style=\"background-image: url(https:\/\/fuerstenwalde-moebliert.de\/wp-content\/uploads\/2023\/01\/apt-good-year-_7R35743-HDR-1536x1025.jpg);\"  title=\"apt-good-year-_7R35743-HDR\" ><\/div><\/div><figcaption class='av-inner-masonry-content site-background'><div class='av-inner-masonry-content-pos'><div class='av-inner-masonry-content-pos-content'><div class='avia-arrow'><\/div><div class='av-masonry-entry-content entry-content'  itemprop=\"text\" >Sofa<\/div><\/div><\/div><\/figcaption><\/figure><\/a><!--end av-masonry entry--><a href=\"https:\/\/fuerstenwalde-moebliert.de\/wp-content\/uploads\/2023\/01\/apt-good-year-_7R35737-HDR-1030x687.jpg\" data-srcset=\"https:\/\/fuerstenwalde-moebliert.de\/wp-content\/uploads\/2023\/01\/apt-good-year-_7R35737-HDR-1030x687.jpg 1030w, https:\/\/fuerstenwalde-moebliert.de\/wp-content\/uploads\/2023\/01\/apt-good-year-_7R35737-HDR-300x200.jpg 300w, https:\/\/fuerstenwalde-moebliert.de\/wp-content\/uploads\/2023\/01\/apt-good-year-_7R35737-HDR-768x512.jpg 768w, https:\/\/fuerstenwalde-moebliert.de\/wp-content\/uploads\/2023\/01\/apt-good-year-_7R35737-HDR-1536x1025.jpg 1536w, https:\/\/fuerstenwalde-moebliert.de\/wp-content\/uploads\/2023\/01\/apt-good-year-_7R35737-HDR-1500x1001.jpg 1500w, https:\/\/fuerstenwalde-moebliert.de\/wp-content\/uploads\/2023\/01\/apt-good-year-_7R35737-HDR-705x470.jpg 705w, https:\/\/fuerstenwalde-moebliert.de\/wp-content\/uploads\/2023\/01\/apt-good-year-_7R35737-HDR.jpg 1920w\" data-sizes=\"(max-width: 1030px) 100vw, 1030px\"  aria-label=\"image apt-good-year-_7R35737-HDR\"  id='av-masonry-1-item-37190' data-av-masonry-item='37190' class='av-masonry-entry isotope-item post-37190 attachment type-attachment status-inherit hentry  av-masonry-item-with-image av-grid-img' title=\"apt-good-year-_7R35737-HDR\" alt=\"Miete auf Zeit -\"    itemprop=\"thumbnailUrl\" ><div class='av-inner-masonry-sizer'><\/div><figure class='av-inner-masonry main_color'><div class=\"av-masonry-outerimage-container\"><div class='av-masonry-image-container' style=\"background-image: url(https:\/\/fuerstenwalde-moebliert.de\/wp-content\/uploads\/2023\/01\/apt-good-year-_7R35737-HDR-1536x1025.jpg);\"  title=\"apt-good-year-_7R35737-HDR\" ><\/div><\/div><figcaption class='av-inner-masonry-content site-background'><div class='av-inner-masonry-content-pos'><div class='av-inner-masonry-content-pos-content'><div class='avia-arrow'><\/div><div class='av-masonry-entry-content entry-content'  itemprop=\"text\" >Wohnzimmer<\/div><\/div><\/div><\/figcaption><\/figure><\/a><!--end av-masonry entry--><a href=\"https:\/\/fuerstenwalde-moebliert.de\/wp-content\/uploads\/2023\/01\/apt-good-year-_7R35740-HDR-1030x687.jpg\" data-srcset=\"https:\/\/fuerstenwalde-moebliert.de\/wp-content\/uploads\/2023\/01\/apt-good-year-_7R35740-HDR-1030x687.jpg 1030w, https:\/\/fuerstenwalde-moebliert.de\/wp-content\/uploads\/2023\/01\/apt-good-year-_7R35740-HDR-300x200.jpg 300w, https:\/\/fuerstenwalde-moebliert.de\/wp-content\/uploads\/2023\/01\/apt-good-year-_7R35740-HDR-768x512.jpg 768w, https:\/\/fuerstenwalde-moebliert.de\/wp-content\/uploads\/2023\/01\/apt-good-year-_7R35740-HDR-1536x1025.jpg 1536w, https:\/\/fuerstenwalde-moebliert.de\/wp-content\/uploads\/2023\/01\/apt-good-year-_7R35740-HDR-1500x1001.jpg 1500w, https:\/\/fuerstenwalde-moebliert.de\/wp-content\/uploads\/2023\/01\/apt-good-year-_7R35740-HDR-705x470.jpg 705w, https:\/\/fuerstenwalde-moebliert.de\/wp-content\/uploads\/2023\/01\/apt-good-year-_7R35740-HDR.jpg 1920w\" data-sizes=\"(max-width: 1030px) 100vw, 1030px\"  aria-label=\"image apt-good-year-_7R35740-HDR\"  id='av-masonry-1-item-37194' data-av-masonry-item='37194' class='av-masonry-entry isotope-item post-37194 attachment type-attachment status-inherit hentry  av-masonry-item-with-image av-grid-img' title=\"apt-good-year-_7R35740-HDR\" alt=\"\"    itemprop=\"thumbnailUrl\" ><div class='av-inner-masonry-sizer'><\/div><figure class='av-inner-masonry main_color'><div class=\"av-masonry-outerimage-container\"><div class='av-masonry-image-container' style=\"background-image: url(https:\/\/fuerstenwalde-moebliert.de\/wp-content\/uploads\/2023\/01\/apt-good-year-_7R35740-HDR-1536x1025.jpg);\"  title=\"apt-good-year-_7R35740-HDR\" ><\/div><\/div><figcaption class='av-inner-masonry-content site-background'><div class='av-inner-masonry-content-pos'><div class='av-inner-masonry-content-pos-content'><div class='avia-arrow'><\/div><div class='av-masonry-entry-content entry-content'  itemprop=\"text\" >Esstisch<\/div><\/div><\/div><\/figcaption><\/figure><\/a><!--end av-masonry entry--><a href=\"https:\/\/fuerstenwalde-moebliert.de\/wp-content\/uploads\/2023\/01\/apt-good-year-_7R35713-HDR-1030x687.jpg\" data-srcset=\"https:\/\/fuerstenwalde-moebliert.de\/wp-content\/uploads\/2023\/01\/apt-good-year-_7R35713-HDR-1030x687.jpg 1030w, https:\/\/fuerstenwalde-moebliert.de\/wp-content\/uploads\/2023\/01\/apt-good-year-_7R35713-HDR-300x200.jpg 300w, https:\/\/fuerstenwalde-moebliert.de\/wp-content\/uploads\/2023\/01\/apt-good-year-_7R35713-HDR-768x512.jpg 768w, https:\/\/fuerstenwalde-moebliert.de\/wp-content\/uploads\/2023\/01\/apt-good-year-_7R35713-HDR-1536x1025.jpg 1536w, https:\/\/fuerstenwalde-moebliert.de\/wp-content\/uploads\/2023\/01\/apt-good-year-_7R35713-HDR-1500x1001.jpg 1500w, https:\/\/fuerstenwalde-moebliert.de\/wp-content\/uploads\/2023\/01\/apt-good-year-_7R35713-HDR-705x470.jpg 705w, https:\/\/fuerstenwalde-moebliert.de\/wp-content\/uploads\/2023\/01\/apt-good-year-_7R35713-HDR.jpg 1920w\" data-sizes=\"(max-width: 1030px) 100vw, 1030px\"  aria-label=\"image apt-good-year-_7R35713-HDR\"  id='av-masonry-1-item-37186' data-av-masonry-item='37186' class='av-masonry-entry isotope-item post-37186 attachment type-attachment status-inherit hentry  av-masonry-item-with-image av-grid-img' title=\"apt-good-year-_7R35713-HDR\" alt=\"\"    itemprop=\"thumbnailUrl\" ><div class='av-inner-masonry-sizer'><\/div><figure class='av-inner-masonry main_color'><div class=\"av-masonry-outerimage-container\"><div class='av-masonry-image-container' style=\"background-image: url(https:\/\/fuerstenwalde-moebliert.de\/wp-content\/uploads\/2023\/01\/apt-good-year-_7R35713-HDR-1536x1025.jpg);\"  title=\"apt-good-year-_7R35713-HDR\" ><\/div><\/div><figcaption class='av-inner-masonry-content site-background'><div class='av-inner-masonry-content-pos'><div class='av-inner-masonry-content-pos-content'><div class='avia-arrow'><\/div><div class='av-masonry-entry-content entry-content'  itemprop=\"text\" >Wohnzimmer<\/div><\/div><\/div><\/figcaption><\/figure><\/a><!--end av-masonry entry--><\/div><a class='av-masonry-pagination av-masonry-load-more' href='#load-more'  data-ids='37269,37261,37231,37227,37219,37207,37203,37199,37195,37187,37191,37183,37175,37171,37163,37159,37155,37151,37167,37223'  data-ids_dynamic=''  data-caption_elements='excerpt'  data-caption_styling=''  data-caption_display='on-hover'  data-img_copyright=''  data-size='fixed masonry'  data-orientation=''  data-image_size='1536x1536'  data-gap='1px'  data-columns='flexible'  data-av-desktop-columns=''  data-av-medium-columns=''  data-av-small-columns=''  data-av-mini-columns=''  data-items='12'  data-paginate='load_more'  data-color=''  data-custom_bg=''  data-img_copyright_font=''  data-av-desktop-font-img_copyright_font=''  data-av-medium-font-img_copyright_font=''  data-av-small-font-img_copyright_font=''  data-av-mini-font-img_copyright_font=''  data-img_copyright_color=''  data-img_copyright_bg=''  data-animation='active'  data-animation_duration=''  data-animation_custom_bg_color=''  data-animation_custom_bg_color_multi_list=''  data-animation_z_index_curtain='100'  data-overlay_fx='active'  data-container_links='active'  data-link_dest=''  data-lightbox_text=''  data-img_scrset=''  data-lazy_loading='enabled'  data-av-desktop-hide=''  data-av-medium-hide=''  data-av-small-hide=''  data-av-mini-hide=''  data-alb_description=''  data-id=''  data-custom_class=''  data-template_class=''  data-av_uid='av-ldolnavs'  data-sc_version='1.0'  data-action=''  data-link='category'  data-post_type='post, page, attachment, revision, nav_menu_item, custom_css, customize_changeset, oembed_cache, user_request, wp_block, wp_template, wp_template_part, wp_global_styles, wp_navigation, wp_font_family, wp_font_face, alb_custom_layout, iwp_log, donotsellrequests, portfolio, avia_framework_post, rm_content_editor, googlesitekit_email'  data-term_rel='IN'  data-offset='0'  data-container_class='av-masonry-gallery'  data-wc_prod_visible=''  data-wc_prod_hidden=''  data-wc_prod_featured=''  data-prod_order_by=''  data-prod_order=''  data-sort='no'  data-auto_ratio='1.7'  data-set_breadcrumb='1'  data-custom_markup=''  data-query_orderby='date'  data-query_order='DESC'  data-date_filter=''  data-date_filter_start=''  data-date_filter_end=''  data-date_filter_format='yy\/mm\/dd'  data-period_filter_unit_1=''  data-period_filter_unit_2=''  data-page_element_filter=''  data-avno='9a07fb007b'>Wczytaj kolejne<\/a><\/div><\/p><\/div>\n<div  class='flex_column av-o1a17c-927f6af0d04c72d5e497d4b508f7e391 av_one_full  avia-builder-el-20  el_after_av_one_full  el_before_av_one_full  first flex_column_div  column-top-margin'     ><section  class='av_textblock_section av-l8ii6jx0-5919fe50ecc863e4e3e3a5d238aa8005 '   itemscope=\"itemscope\" itemtype=\"https:\/\/schema.org\/BlogPosting\" itemprop=\"blogPost\" ><div class='avia_textblock'  itemprop=\"text\" ><h2>Umeblowane mieszkania w F\u00fcrstenwalde\/Spree<\/h2>\n<p>Niezale\u017cnie od tego, czy maj\u0105 Pa\u0144stwo projekt w Tesli, czy te\u017c chcieliby Pa\u0144stwo z innych powod\u00f3w zamieszka\u0107 na kilka miesi\u0119cy w F\u00fcrstenwalde, Bad Saarow i okolicy: mamy w ofercie tylko wysokiej jako\u015bci umeblowane mieszkania, nowo urz\u0105dzone w 2021 i 2022 roku, kt\u00f3re mog\u0105 Pa\u0144stwo wynaj\u0105\u0107 tymczasowo od minimalnego okresu wynajmu wynosz\u0105cego 3 miesi\u0105ce.<\/p>\n<p>Od samego pocz\u0105tku poczujesz si\u0119 jak w domu, poniewa\u017c mieszkania s\u0105 urz\u0105dzone tak, jak chcia\u0142by tego w\u0142a\u015bciciel. Czyli \u017cadnych zat\u0119ch\u0142ych u\u017cywanych mebli i kanap z lat 80. Ale nowe, czyste materace i kanapy oraz nowe nowoczesne meble wysokiej jako\u015bci (szczeg\u00f3lnie IKEA), odnowione pod\u0142ogi i \u0142azienki oraz \u015bwie\u017co pomalowane \u015bciany.<\/p>\n<\/div><\/section><\/div>\n<div  class='flex_column av-kq0wqg-22d9d074d121e59eb78e9ac860010def av_one_full  avia-builder-el-22  el_after_av_one_full  avia-builder-el-last  first flex_column_div  column-top-margin'     ><section  class='av_textblock_section av-l4myq7au-1e791f8fe5498631297a557bbf7cc98a '   itemscope=\"itemscope\" itemtype=\"https:\/\/schema.org\/BlogPosting\" itemprop=\"blogPost\" ><div class='avia_textblock'  itemprop=\"text\" ><h2>Wi\u0119cej umeblowane mieszkania i umeblowane pokoje w F\u00fcrstenwalde<\/h2>\n<\/div><\/section><br \/>\n<div id='av-masonry-2' class='av-masonry av-l4myqm7w-87d72f89ac0c8dc1a63934272f0df78c noHover av-flex-size av-1px-gap av-hover-overlay-active av-masonry-animation-active av-masonry-col-flexible av-caption-always av-caption-style- av-masonry-entries ' data-post_id=\"36761\"><div class='av-masonry-sort main_color av-sort-yes' data-masonry-id='2' ><div class='av-sort-by-term  ' data-av-allowed-sort='[\"2-osoby_sort\",\"4-osoby_sort\",\"krotkotrwaly-wolny_sort\"]' ><a href=\"#\" data-filter=\"all_sort\" class=\"all_sort_button active_sort\"><span class=\"inner_sort_button\"><span>Wszystko<\/span><small class=\"avia-term-count\"> 6 <\/small><\/span><\/a><span class='text-sep 2-osoby_sort_sep avia_show_sort'>\/<\/span><a href=\"#\" data-filter=\"2-osoby_sort\" class=\"2-osoby_sort_button avia_show_sort\" ><span class=\"inner_sort_button\"><span>2 osoby<\/span><small class='avia-term-count'> 6 <\/small><\/span><\/a><span class='text-sep 4-osoby_sort_sep avia_show_sort'>\/<\/span><a href=\"#\" data-filter=\"4-osoby_sort\" class=\"4-osoby_sort_button avia_show_sort\" ><span class=\"inner_sort_button\"><span>4 osoby<\/span><small class='avia-term-count'> 5 <\/small><\/span><\/a><span class='text-sep krotkotrwaly-wolny_sort_sep avia_hide_sort'>\/<\/span><a href=\"#\" data-filter=\"krotkotrwaly-wolny_sort\" class=\"krotkotrwaly-wolny_sort_button avia_hide_sort\" ><span class=\"inner_sort_button\"><span>Kr\u00f3tkotrwa\u0142y wolny<\/span><small class='avia-term-count'> 0 <\/small><\/span><\/a><\/div><\/div><div class=\"av-masonry-container isotope av-js-disabled\"><div class='av-masonry-entry isotope-item av-masonry-item-no-image all_sort 4-osoby_sort  2-osoby_sort '><\/div><a href=\"https:\/\/fuerstenwalde-moebliert.de\/pl\/mieszkanie-dla-montera-w-fuerstenwalde-nowoczesne-i-w-pelni-wyposazone-dla-4-osob\/\"  id='av-masonry-2-item-36725' data-av-masonry-item='36725' class='av-masonry-entry isotope-item post-36725 post type-post status-publish format-standard has-post-thumbnail hentry category-4-osoby category-2-osoby tag-4-osoby tag-bad-saarow-pl tag-fuerstenwalde-pl tag-gruenheide-pl tag-mieszkanie-montera tag-mieszkanie-tymczasowe tag-pralka tag-tesla-pl tag-w-pelni-wyposazony tag-wlan-pl tag-wynajem-umeblowanych tag-wyposazenie tag-zmywarka-do-naczyn all_sort 4-osoby_sort  2-osoby_sort  av-masonry-item-with-image' title=\"B7-1OGliVolt-_7R35302-HDR\"   itemscope=\"itemscope\" itemtype=\"https:\/\/schema.org\/BlogPosting\" itemprop=\"blogPost\" ><div class='av-inner-masonry-sizer'><\/div><figure class='av-inner-masonry main_color'><div class=\"av-masonry-outerimage-container\"><div class='av-masonry-image-container'  ><img decoding=\"async\" width=\"705\" height=\"470\" loading=\"lazy\" class=\"wp-image-36934 avia-img-lazy-loading-36934\"  src=\"https:\/\/fuerstenwalde-moebliert.de\/wp-content\/uploads\/2022\/10\/B7-1OGliVolt-_7R35302-HDR-705x470.jpg\" title=\"B7-1OGliVolt-_7R35302-HDR\" alt=\"\" srcset=\"https:\/\/fuerstenwalde-moebliert.de\/wp-content\/uploads\/2022\/10\/B7-1OGliVolt-_7R35302-HDR-705x470.jpg 705w, https:\/\/fuerstenwalde-moebliert.de\/wp-content\/uploads\/2022\/10\/B7-1OGliVolt-_7R35302-HDR-300x200.jpg 300w, https:\/\/fuerstenwalde-moebliert.de\/wp-content\/uploads\/2022\/10\/B7-1OGliVolt-_7R35302-HDR-1030x687.jpg 1030w, https:\/\/fuerstenwalde-moebliert.de\/wp-content\/uploads\/2022\/10\/B7-1OGliVolt-_7R35302-HDR-768x512.jpg 768w, https:\/\/fuerstenwalde-moebliert.de\/wp-content\/uploads\/2022\/10\/B7-1OGliVolt-_7R35302-HDR-1536x1025.jpg 1536w, https:\/\/fuerstenwalde-moebliert.de\/wp-content\/uploads\/2022\/10\/B7-1OGliVolt-_7R35302-HDR-1500x1001.jpg 1500w, https:\/\/fuerstenwalde-moebliert.de\/wp-content\/uploads\/2022\/10\/B7-1OGliVolt-_7R35302-HDR.jpg 1920w\" sizes=\"auto, (max-width: 705px) 100vw, 705px\" \/><\/div><\/div><figcaption class='av-inner-masonry-content site-background'><div class='av-inner-masonry-content-pos'><div class='av-inner-masonry-content-pos-content'><div class='avia-arrow'><\/div><h3 class='av-masonry-entry-title entry-title '  itemprop=\"headline\" >Mieszkanie dla monter\u00f3w w F\u00fcrstenwalde &#8222;Volt&#8221; &#8211; nowoczesne, w pe\u0142ni wyposa\u017cone dla 4 os\u00f3b<\/h3><span class='av-masonry-date meta-color updated'>2022-06-30<\/span><span class=\"av-masonry-text-sep text-sep-author\">\/<\/span><span class='av-masonry-author meta-color author'><span class='fn'>Autor joern<\/span><\/span><\/div><\/div><\/figcaption><\/figure><\/a><!--end av-masonry entry--><a href=\"https:\/\/fuerstenwalde-moebliert.de\/pl\/pokoj-z-wyposazeniem-w-fuerstenwalde-watt-dla-4-osob-centralny-odnowiony-i-nowo-umeblowany\/\"  id='av-masonry-2-item-36754' data-av-masonry-item='36754' class='av-masonry-entry isotope-item post-36754 post type-post status-publish format-standard has-post-thumbnail hentry category-4-osoby category-2-osoby tag-bad-saarow-pl tag-fuerstenwalde-pl tag-gigafabryka-tesli tag-gruenheide-pl tag-mieszkanie-do-wynajecia tag-mieszkanie-montera tag-mieszkanie-umeblowane-pl tag-tesla-pl tag-wyposazenie all_sort 4-osoby_sort  2-osoby_sort  av-masonry-item-with-image' title=\"Bergstr7-1OGre&#8211;_7R35203-HDR\"   itemscope=\"itemscope\" itemtype=\"https:\/\/schema.org\/BlogPosting\" itemprop=\"blogPost\" ><div class='av-inner-masonry-sizer'><\/div><figure class='av-inner-masonry main_color'><div class=\"av-masonry-outerimage-container\"><div class='av-masonry-image-container'  ><img decoding=\"async\" width=\"1920\" height=\"1281\" loading=\"lazy\" class=\"wp-image-36586 avia-img-lazy-loading-36586\"  src=\"https:\/\/fuerstenwalde-moebliert.de\/wp-content\/uploads\/2022\/06\/Bergstr7-1OGre-_7R35203-HDR-scaled.jpg\" title=\"Bergstr7-1OGre&#8211;_7R35203-HDR\" alt=\"\" srcset=\"https:\/\/fuerstenwalde-moebliert.de\/wp-content\/uploads\/2022\/06\/Bergstr7-1OGre-_7R35203-HDR-scaled.jpg 1920w, https:\/\/fuerstenwalde-moebliert.de\/wp-content\/uploads\/2022\/06\/Bergstr7-1OGre-_7R35203-HDR-300x200.jpg 300w, https:\/\/fuerstenwalde-moebliert.de\/wp-content\/uploads\/2022\/06\/Bergstr7-1OGre-_7R35203-HDR-1024x683.jpg 1024w, https:\/\/fuerstenwalde-moebliert.de\/wp-content\/uploads\/2022\/06\/Bergstr7-1OGre-_7R35203-HDR-768x512.jpg 768w, https:\/\/fuerstenwalde-moebliert.de\/wp-content\/uploads\/2022\/06\/Bergstr7-1OGre-_7R35203-HDR-1536x1025.jpg 1536w, https:\/\/fuerstenwalde-moebliert.de\/wp-content\/uploads\/2022\/06\/Bergstr7-1OGre-_7R35203-HDR-2048x1366.jpg 2048w, https:\/\/fuerstenwalde-moebliert.de\/wp-content\/uploads\/2022\/06\/Bergstr7-1OGre-_7R35203-HDR-240x160.jpg 240w\" sizes=\"auto, (max-width: 1920px) 100vw, 1920px\" \/><\/div><\/div><figcaption class='av-inner-masonry-content site-background'><div class='av-inner-masonry-content-pos'><div class='av-inner-masonry-content-pos-content'><div class='avia-arrow'><\/div><h3 class='av-masonry-entry-title entry-title '  itemprop=\"headline\" >Pok\u00f3j z wyposa\u017ceniem w F\u00fcrstenwalde &#8222;Watt&#8221; dla 4 os\u00f3b. Centralny, odnowiony i nowo umeblowany<\/h3><span class='av-masonry-date meta-color updated'>2022-06-18<\/span><span class=\"av-masonry-text-sep text-sep-author\">\/<\/span><span class='av-masonry-author meta-color author'><span class='fn'>Autor joern<\/span><\/span><\/div><\/div><\/figcaption><\/figure><\/a><!--end av-masonry entry--><a href=\"https:\/\/fuerstenwalde-moebliert.de\/pl\/mieszkanie-dla-montera-nikola-w-fuerstenwalde-3-pokoje-z-balkonem-nowoczesne\/\"  id='av-masonry-2-item-36767' data-av-masonry-item='36767' class='av-masonry-entry isotope-item post-36767 post type-post status-publish format-standard has-post-thumbnail hentry category-4-osoby category-2-osoby tag-4-osoby tag-bad-saarow-pl tag-fuerstenwalde-pl tag-gruenheide-pl tag-mieszkanie-do-wynajecia tag-mieszkanie-montera tag-mieszkanie-tymczasowe tag-mieszkanie-umeblowane-pl tag-mieszkanie-umeblowane tag-tesla-pl tag-wyposazenie all_sort 4-osoby_sort  2-osoby_sort  av-masonry-item-with-image' title=\"Gartenstr14d&#8211;_7R34701-HDR\"   itemscope=\"itemscope\" itemtype=\"https:\/\/schema.org\/BlogPosting\" itemprop=\"blogPost\" ><div class='av-inner-masonry-sizer'><\/div><figure class='av-inner-masonry main_color'><div class=\"av-masonry-outerimage-container\"><div class='av-masonry-image-container'  ><img decoding=\"async\" width=\"1920\" height=\"1281\" loading=\"lazy\" class=\"wp-image-36511 avia-img-lazy-loading-36511\"  src=\"https:\/\/fuerstenwalde-moebliert.de\/wp-content\/uploads\/2022\/03\/Gartenstr14d-_7R34701-HDR-scaled.jpg\" title=\"Gartenstr14d&#8211;_7R34701-HDR\" alt=\"\" srcset=\"https:\/\/fuerstenwalde-moebliert.de\/wp-content\/uploads\/2022\/03\/Gartenstr14d-_7R34701-HDR-scaled.jpg 1920w, https:\/\/fuerstenwalde-moebliert.de\/wp-content\/uploads\/2022\/03\/Gartenstr14d-_7R34701-HDR-300x200.jpg 300w, https:\/\/fuerstenwalde-moebliert.de\/wp-content\/uploads\/2022\/03\/Gartenstr14d-_7R34701-HDR-1024x683.jpg 1024w, https:\/\/fuerstenwalde-moebliert.de\/wp-content\/uploads\/2022\/03\/Gartenstr14d-_7R34701-HDR-768x512.jpg 768w, https:\/\/fuerstenwalde-moebliert.de\/wp-content\/uploads\/2022\/03\/Gartenstr14d-_7R34701-HDR-1536x1025.jpg 1536w, https:\/\/fuerstenwalde-moebliert.de\/wp-content\/uploads\/2022\/03\/Gartenstr14d-_7R34701-HDR-2048x1366.jpg 2048w, https:\/\/fuerstenwalde-moebliert.de\/wp-content\/uploads\/2022\/03\/Gartenstr14d-_7R34701-HDR-240x160.jpg 240w\" sizes=\"auto, (max-width: 1920px) 100vw, 1920px\" \/><\/div><\/div><figcaption class='av-inner-masonry-content site-background'><div class='av-inner-masonry-content-pos'><div class='av-inner-masonry-content-pos-content'><div class='avia-arrow'><\/div><h3 class='av-masonry-entry-title entry-title '  itemprop=\"headline\" >Mieszkanie dla montera &#8222;Nikola&#8221; w F\u00fcrstenwalde: 3 pokoje z balkonem, nowoczesne<\/h3><span class='av-masonry-date meta-color updated'>2022-06-16<\/span><span class=\"av-masonry-text-sep text-sep-author\">\/<\/span><span class='av-masonry-author meta-color author'><span class='fn'>Autor joern<\/span><\/span><\/div><\/div><\/figcaption><\/figure><\/a><!--end av-masonry entry--><a href=\"https:\/\/fuerstenwalde-moebliert.de\/pl\/mieszkanie-dla-montera-5-osob-w-poblizu-tesla-gruenheide-w-fuerstenwalde-silizium\/\"  id='av-masonry-2-item-36753' data-av-masonry-item='36753' class='av-masonry-entry isotope-item post-36753 post type-post status-publish format-standard has-post-thumbnail hentry category-4-osoby category-2-osoby tag-4-osoby tag-bad-saarow-pl tag-fuerstenwalde-pl tag-gruenheide-pl tag-mieszkanie-do-wynajecia tag-mieszkanie-montera tag-mieszkanie-tymczasowe tag-mieszkanie-umeblowane tag-tesla-pl tag-wyposazenie all_sort 4-osoby_sort  2-osoby_sort  av-masonry-item-with-image' title=\"20230718-_7R36247-HDR\"   itemscope=\"itemscope\" itemtype=\"https:\/\/schema.org\/BlogPosting\" itemprop=\"blogPost\" ><div class='av-inner-masonry-sizer'><\/div><figure class='av-inner-masonry main_color'><div class=\"av-masonry-outerimage-container\"><div class='av-masonry-image-container'  ><img decoding=\"async\" width=\"705\" height=\"470\" loading=\"lazy\" class=\"wp-image-37627 avia-img-lazy-loading-37627\"  src=\"https:\/\/fuerstenwalde-moebliert.de\/wp-content\/uploads\/2023\/07\/20230718-_7R36247-HDR-705x470.jpg\" title=\"20230718-_7R36247-HDR\" alt=\"M\u00f6blierte Wohnung in F\u00fcrstenwalde - Apartment f\u00fcr veri Personen - Monteurwohnungen\" srcset=\"https:\/\/fuerstenwalde-moebliert.de\/wp-content\/uploads\/2023\/07\/20230718-_7R36247-HDR-705x470.jpg 705w, https:\/\/fuerstenwalde-moebliert.de\/wp-content\/uploads\/2023\/07\/20230718-_7R36247-HDR-300x200.jpg 300w, https:\/\/fuerstenwalde-moebliert.de\/wp-content\/uploads\/2023\/07\/20230718-_7R36247-HDR-1030x687.jpg 1030w, https:\/\/fuerstenwalde-moebliert.de\/wp-content\/uploads\/2023\/07\/20230718-_7R36247-HDR-768x512.jpg 768w, https:\/\/fuerstenwalde-moebliert.de\/wp-content\/uploads\/2023\/07\/20230718-_7R36247-HDR-1536x1025.jpg 1536w, https:\/\/fuerstenwalde-moebliert.de\/wp-content\/uploads\/2023\/07\/20230718-_7R36247-HDR-1500x1001.jpg 1500w, https:\/\/fuerstenwalde-moebliert.de\/wp-content\/uploads\/2023\/07\/20230718-_7R36247-HDR.jpg 1920w\" sizes=\"auto, (max-width: 705px) 100vw, 705px\" \/><\/div><\/div><figcaption class='av-inner-masonry-content site-background'><div class='av-inner-masonry-content-pos'><div class='av-inner-masonry-content-pos-content'><div class='avia-arrow'><\/div><h3 class='av-masonry-entry-title entry-title '  itemprop=\"headline\" >Mieszkanie dla 4 os\u00f3b w pobli\u017cu Tesla Gr\u00fcnheide w F\u00fcrstenwalde &#8222;Silizium<\/h3><span class='av-masonry-date meta-color updated'>2022-06-15<\/span><span class=\"av-masonry-text-sep text-sep-author\">\/<\/span><span class='av-masonry-author meta-color author'><span class='fn'>Autor joern<\/span><\/span><\/div><\/div><\/figcaption><\/figure><\/a><!--end av-masonry entry--><a href=\"https:\/\/fuerstenwalde-moebliert.de\/pl\/mieszkanie-z-pokojami-dla-2-osob-w-fuerstenwalde-delmonicos\/\"  id='av-masonry-2-item-36750' data-av-masonry-item='36750' class='av-masonry-entry isotope-item post-36750 post type-post status-publish format-standard has-post-thumbnail hentry category-2-osoby tag-fuerstenwalde-pl tag-gruenheide-pl tag-mieszkanie-do-wynajecia tag-mieszkanie-montera tag-mieszkanie-umeblowane tag-tesla-pl tag-wyposazenie all_sort 2-osoby_sort  av-masonry-item-with-image' title=\"20211203-_7R34550-HDR\"   itemscope=\"itemscope\" itemtype=\"https:\/\/schema.org\/BlogPosting\" itemprop=\"blogPost\" ><div class='av-inner-masonry-sizer'><\/div><figure class='av-inner-masonry main_color'><div class=\"av-masonry-outerimage-container\"><div class='av-masonry-image-container'  ><img decoding=\"async\" width=\"705\" height=\"470\" loading=\"lazy\" class=\"wp-image-36664 avia-img-lazy-loading-36664\"  src=\"https:\/\/fuerstenwalde-moebliert.de\/wp-content\/uploads\/2022\/06\/20211203-_7R34550-HDR-705x470.jpg\" title=\"20211203-_7R34550-HDR\" alt=\"\" srcset=\"https:\/\/fuerstenwalde-moebliert.de\/wp-content\/uploads\/2022\/06\/20211203-_7R34550-HDR-705x470.jpg 705w, https:\/\/fuerstenwalde-moebliert.de\/wp-content\/uploads\/2022\/06\/20211203-_7R34550-HDR-300x200.jpg 300w, https:\/\/fuerstenwalde-moebliert.de\/wp-content\/uploads\/2022\/06\/20211203-_7R34550-HDR-1030x687.jpg 1030w, https:\/\/fuerstenwalde-moebliert.de\/wp-content\/uploads\/2022\/06\/20211203-_7R34550-HDR-768x512.jpg 768w, https:\/\/fuerstenwalde-moebliert.de\/wp-content\/uploads\/2022\/06\/20211203-_7R34550-HDR-1536x1025.jpg 1536w, https:\/\/fuerstenwalde-moebliert.de\/wp-content\/uploads\/2022\/06\/20211203-_7R34550-HDR-2048x1366.jpg 2048w, https:\/\/fuerstenwalde-moebliert.de\/wp-content\/uploads\/2022\/06\/20211203-_7R34550-HDR-1500x1001.jpg 1500w, https:\/\/fuerstenwalde-moebliert.de\/wp-content\/uploads\/2022\/06\/20211203-_7R34550-HDR-scaled.jpg 1920w\" sizes=\"auto, (max-width: 705px) 100vw, 705px\" \/><\/div><\/div><figcaption class='av-inner-masonry-content site-background'><div class='av-inner-masonry-content-pos'><div class='av-inner-masonry-content-pos-content'><div class='avia-arrow'><\/div><h3 class='av-masonry-entry-title entry-title '  itemprop=\"headline\" >Mieszkanie z pokojami dla 2 os\u00f3b w F\u00fcrstenwalde &#8222;Delmonicos<\/h3><span class='av-masonry-date meta-color updated'>2022-06-15<\/span><span class=\"av-masonry-text-sep text-sep-author\">\/<\/span><span class='av-masonry-author meta-color author'><span class='fn'>Autor joern<\/span><\/span><\/div><\/div><\/figcaption><\/figure><\/a><!--end av-masonry entry--><a href=\"https:\/\/fuerstenwalde-moebliert.de\/pl\/pokoj-dla-4-osob-dwie-fazy\/\"  id='av-masonry-2-item-36741' data-av-masonry-item='36741' class='av-masonry-entry isotope-item post-36741 post type-post status-publish format-standard has-post-thumbnail hentry category-4-osoby category-2-osoby tag-4-osoby tag-fuerstenwalde-pl tag-gruenheide-pl tag-mieszkanie-do-wynajecia tag-mieszkanie-montera tag-mieszkanie-tymczasowe tag-mieszkanie-umeblowane tag-mieszkanie-umeblowane-pl tag-tesla-pl tag-wyposazenie all_sort 4-osoby_sort  2-osoby_sort  av-masonry-item-with-image' title=\"apt-2-phasen-_7R36328-HDR\"   itemscope=\"itemscope\" itemtype=\"https:\/\/schema.org\/BlogPosting\" itemprop=\"blogPost\" ><div class='av-inner-masonry-sizer'><\/div><figure class='av-inner-masonry main_color'><div class=\"av-masonry-outerimage-container\"><div class='av-masonry-image-container'  ><img decoding=\"async\" width=\"705\" height=\"470\" loading=\"lazy\" class=\"wp-image-37842 avia-img-lazy-loading-37842\"  src=\"https:\/\/fuerstenwalde-moebliert.de\/wp-content\/uploads\/2023\/07\/apt-2-phasen-_7R36328-HDR-705x470.jpg\" title=\"apt-2-phasen-_7R36328-HDR\" alt=\"\" srcset=\"https:\/\/fuerstenwalde-moebliert.de\/wp-content\/uploads\/2023\/07\/apt-2-phasen-_7R36328-HDR-705x470.jpg 705w, https:\/\/fuerstenwalde-moebliert.de\/wp-content\/uploads\/2023\/07\/apt-2-phasen-_7R36328-HDR-300x200.jpg 300w, https:\/\/fuerstenwalde-moebliert.de\/wp-content\/uploads\/2023\/07\/apt-2-phasen-_7R36328-HDR-1030x687.jpg 1030w, https:\/\/fuerstenwalde-moebliert.de\/wp-content\/uploads\/2023\/07\/apt-2-phasen-_7R36328-HDR-768x512.jpg 768w, https:\/\/fuerstenwalde-moebliert.de\/wp-content\/uploads\/2023\/07\/apt-2-phasen-_7R36328-HDR-1536x1025.jpg 1536w, https:\/\/fuerstenwalde-moebliert.de\/wp-content\/uploads\/2023\/07\/apt-2-phasen-_7R36328-HDR-1500x1001.jpg 1500w, https:\/\/fuerstenwalde-moebliert.de\/wp-content\/uploads\/2023\/07\/apt-2-phasen-_7R36328-HDR.jpg 1920w\" sizes=\"auto, (max-width: 705px) 100vw, 705px\" \/><\/div><\/div><figcaption class='av-inner-masonry-content site-background'><div class='av-inner-masonry-content-pos'><div class='av-inner-masonry-content-pos-content'><div class='avia-arrow'><\/div><h3 class='av-masonry-entry-title entry-title '  itemprop=\"headline\" >Pok\u00f3j dla 4 os\u00f3b &#8222;Dwie fazy<\/h3><span class='av-masonry-date meta-color updated'>2022-06-13<\/span><span class=\"av-masonry-text-sep text-sep-author\">\/<\/span><span class='av-masonry-author meta-color author'><span class='fn'>Autor joern<\/span><\/span><\/div><\/div><\/figcaption><\/figure><\/a><!--end av-masonry entry--><\/div><\/div><\/p><\/div>\n","protected":false},"excerpt":{"rendered":"","protected":false},"author":1,"featured_media":37182,"comment_status":"open","ping_status":"open","sticky":false,"template":"","format":"standard","meta":{"footnotes":""},"categories":[],"tags":[226,157,198,208,152,154,172,156,171,173,153,209,199],"class_list":["post-36761","post","type-post","status-publish","format-standard","has-post-thumbnail","hentry","tag-2-osoby","tag-bad-saarow-pl","tag-bezplatne-umeblowane-mieszkanie","tag-czynsz-tymczasowy","tag-fuerstenwalde-pl","tag-gruenheide-pl","tag-mieszkanie-do-wynajecia","tag-mieszkanie-tymczasowe","tag-mieszkanie-umeblowane","tag-mieszkanie-umeblowane-pl","tag-tesla-pl","tag-wynajem-mieszkania-na-czas-okreslony","tag-wynajem-umeblowanego-mieszkania"],"_links":{"self":[{"href":"https:\/\/fuerstenwalde-moebliert.de\/pl\/wp-json\/wp\/v2\/posts\/36761","targetHints":{"allow":["GET"]}}],"collection":[{"href":"https:\/\/fuerstenwalde-moebliert.de\/pl\/wp-json\/wp\/v2\/posts"}],"about":[{"href":"https:\/\/fuerstenwalde-moebliert.de\/pl\/wp-json\/wp\/v2\/types\/post"}],"author":[{"embeddable":true,"href":"https:\/\/fuerstenwalde-moebliert.de\/pl\/wp-json\/wp\/v2\/users\/1"}],"replies":[{"embeddable":true,"href":"https:\/\/fuerstenwalde-moebliert.de\/pl\/wp-json\/wp\/v2\/comments?post=36761"}],"version-history":[{"count":25,"href":"https:\/\/fuerstenwalde-moebliert.de\/pl\/wp-json\/wp\/v2\/posts\/36761\/revisions"}],"predecessor-version":[{"id":38551,"href":"https:\/\/fuerstenwalde-moebliert.de\/pl\/wp-json\/wp\/v2\/posts\/36761\/revisions\/38551"}],"wp:featuredmedia":[{"embeddable":true,"href":"https:\/\/fuerstenwalde-moebliert.de\/pl\/wp-json\/wp\/v2\/media\/37182"}],"wp:attachment":[{"href":"https:\/\/fuerstenwalde-moebliert.de\/pl\/wp-json\/wp\/v2\/media?parent=36761"}],"wp:term":[{"taxonomy":"category","embeddable":true,"href":"https:\/\/fuerstenwalde-moebliert.de\/pl\/wp-json\/wp\/v2\/categories?post=36761"},{"taxonomy":"post_tag","embeddable":true,"href":"https:\/\/fuerstenwalde-moebliert.de\/pl\/wp-json\/wp\/v2\/tags?post=36761"}],"curies":[{"name":"wp","href":"https:\/\/api.w.org\/{rel}","templated":true}]}}